{"id":5699,"date":"2018-12-05T16:07:34","date_gmt":"2018-12-05T18:07:34","guid":{"rendered":"https:\/\/hostnetart.com.br\/baixada\/ibge-pobreza-e-informalidade-aumentaram-no-brasil\/"},"modified":"2018-12-05T16:07:34","modified_gmt":"2018-12-05T18:07:34","slug":"ibge-pobreza-e-informalidade-aumentaram-no-brasil","status":"publish","type":"post","link":"https:\/\/hostnetart.com.br\/baixada\/ibge-pobreza-e-informalidade-aumentaram-no-brasil\/","title":{"rendered":"IBGE: pobreza e informalidade aumentaram no Brasil"},"content":{"rendered":"<p>O pa\u00eds viu aumentar a pobreza em 2017, j\u00e1 no governo Temer, atingindo 26,5% da popula\u00e7\u00e3o, ou 54,8 milh\u00f5es de pessoas, <a class=\"internal-link\" title=\"\" href=\"https:\/\/www.redebrasilatual.com.br\/cidadania\/2017\/12\/brasil-25-na-linha-de-pobreza-menos-emprego-formal-e-desemprego-de-jovens\" target=\"_blank\" rel=\"noopener noreferrer\">2 milh\u00f5es a mais do que no ano anterior<\/a>, segundo o<strong> IBGE<\/strong>. E o total de pessoas na <strong>extrema pobreza<\/strong> chegou a 15,2 milh\u00f5es (6,6%), ante 13,5 milh\u00f5es em 2016 \u2013 esse dado considera a linha estabelecida pelo Banco Mundial, incluindo quem tem renda inferior a US$ 1,90 por dia, ou R$ 140 por m\u00eas. Esse contingente s\u00f3 n\u00e3o cresceu na regi\u00e3o Norte.\u00a0J\u00e1 a linha de pobreza do Banco Mundial considera rendimentos de at\u00e9 US$ 5,5 por dia, ou R$ 406 por m\u00eas.<\/p>\n<p>As informa\u00e7\u00f5es, que incluem tamb\u00e9m crescimento da informalidade no trabalho, constam da S\u00edntese de Indicadores Sociais (SIS), divulgada na manh\u00e3 desta quarta-feira (5) pelo instituto. &#8220;Na aus\u00eancia de uma linha oficial de pobreza no pa\u00eds, a S\u00edntese de Indicadores Sociais analisou este tema utilizando diferentes medidas que, em sua maioria, mostram o crescimento da pobreza, entre 2016 e 2017&#8221;, diz o IBGE.<\/p>\n<p>Na regi\u00e3o Nordeste, 44,8% da popula\u00e7\u00e3o \u2013 25,5 milh\u00f5es de pessoas \u2013 estava em situa\u00e7\u00e3o de pobreza. No Sudeste, o n\u00famero subiu para 17,4%, atingindo 15,2 milh\u00f5es. No Sul, eram 3,8 milh\u00f5es (12,8%).\u00a0<\/p>\n<p>Ainda segundo o IBGE,\u00a0a propor\u00e7\u00e3o de crian\u00e7as e adolescentes (at\u00e9 14 anos) abaixo da linha de pobreza subiu de 42,9% para 43,4%. &#8220;Do total de moradores em domic\u00edlios em que a pessoa de refer\u00eancia era uma mulher sem c\u00f4njuge e com filhos de at\u00e9 14 anos, 56,9% estavam abaixo dessa linha. Se a respons\u00e1vel pelo domic\u00edlio era uma mulher preta ou parda (igualmente sem c\u00f4njuge e com filhos no mesmo grupo et\u00e1rio), essa incid\u00eancia subia para 64,4%.&#8221;<\/p>\n<p>A dist\u00e2ncia m\u00e9dia do rendimento dos pobres em rela\u00e7\u00e3o \u00e0 linha tamb\u00e9m aumentou entre 2016 e 2017, de R$ 183 para R$ 187. O instituto calcula o chamado &#8220;hiato da pobreza&#8221;, um valor que seria necess\u00e1rio para erradicar o problema. No ano passado, seriam necess\u00e1rios R$ 10,2 bilh\u00f5es mensais, &#8220;perfeitamente alocados&#8221;, para que as pessoas atingissem a linha de pobreza.<\/p>\n<p>A pesquisa mostra ainda que persiste a concentra\u00e7\u00e3o de renda no Brasil. Os 10% com maiores rendimentos acumulavam 43,1% da massa total, enquanto os 40% com menores rendimentos tinham apenas 12,3%. O Distrito Federal concentrava a maior desigualdade, com 46,5% e 8,4%, respectivamente.<\/p>\n<p>O rendimento m\u00e9dio mensal <em>per capita<\/em> domiciliar foi calculado em R$ 1.511, caindo para R$ 984 na regi\u00e3o Nordeste e R$ 1.011 no Norte. Ali, quase metade da popula\u00e7\u00e3o (49,9% e 48,1%, respectivamente) tinha rendimento m\u00e9dio de at\u00e9 meio sal\u00e1rio m\u00ednimo. E menos de 8% possu\u00edam rendimento mensal acima de dois m\u00ednimos.\u00a0<\/p>\n<p>Outro dado mostra que pretos e pardos (classifica\u00e7\u00e3o usada pelo instituto) predominam entre os mais pobres:\u00a013,6% estavam entre os 10% da popula\u00e7\u00e3o com os menores rendimentos. E s\u00f3 4,7% deles estavam entre os 10% com maiores rendimentos. Entre os brancos, 5,5% integravam os 10% com menores rendimentos e 16,4% os 10% com maiores rendimentos.<\/p>\n<p>&#8220;Nos domic\u00edlios cujos respons\u00e1veis s\u00e3o mulheres pretas ou pardas sem c\u00f4njuge e com filhos at\u00e9 14 anos, 25,2% dos moradores tinham pelo menos tr\u00eas restri\u00e7\u00f5es \u00e0s dimens\u00f5es analisadas. Esse \u00e9 tamb\u00e9m o grupo com mais restri\u00e7\u00f5es \u00e0 prote\u00e7\u00e3o social (46,1%) e \u00e0 moradia adequada (28,5%)&#8221;, aponta o IBGE.<\/p>\n<p>\u00a0<\/p>\n<p><strong><span style=\"text-decoration: underline;\"><em>Fonte: Rede Brasil Atual<\/em><\/span><\/strong><\/p>\n","protected":false},"excerpt":{"rendered":"<p>O pa\u00eds viu aumentar a pobreza em 2017, j\u00e1 no governo Temer, atingindo 26,5% da popula\u00e7\u00e3o, ou 54,8 milh\u00f5es de pessoas, 2 milh\u00f5es a mais do que no ano anterior, segundo o IBGE. E o total de pessoas na extrema pobreza chegou a 15,2 milh\u00f5es (6,6%), ante 13,5 milh\u00f5es em 2016 \u2013 esse dado considera [&hellip;]<\/p>\n","protected":false},"author":2,"featured_media":5698,"comment_status":"","ping_status":"","sticky":false,"template":"","format":"standard","meta":{"footnotes":""},"categories":[3],"tags":[],"class_list":["post-5699","post","type-post","status-publish","format-standard","has-post-thumbnail","hentry","category-noticias"],"_links":{"self":[{"href":"https:\/\/hostnetart.com.br\/baixada\/wp-json\/wp\/v2\/posts\/5699","targetHints":{"allow":["GET"]}}],"collection":[{"href":"https:\/\/hostnetart.com.br\/baixada\/wp-json\/wp\/v2\/posts"}],"about":[{"href":"https:\/\/hostnetart.com.br\/baixada\/wp-json\/wp\/v2\/types\/post"}],"author":[{"embeddable":true,"href":"https:\/\/hostnetart.com.br\/baixada\/wp-json\/wp\/v2\/users\/2"}],"replies":[{"embeddable":true,"href":"https:\/\/hostnetart.com.br\/baixada\/wp-json\/wp\/v2\/comments?post=5699"}],"version-history":[{"count":0,"href":"https:\/\/hostnetart.com.br\/baixada\/wp-json\/wp\/v2\/posts\/5699\/revisions"}],"wp:featuredmedia":[{"embeddable":true,"href":"https:\/\/hostnetart.com.br\/baixada\/wp-json\/wp\/v2\/media\/5698"}],"wp:attachment":[{"href":"https:\/\/hostnetart.com.br\/baixada\/wp-json\/wp\/v2\/media?parent=5699"}],"wp:term":[{"taxonomy":"category","embeddable":true,"href":"https:\/\/hostnetart.com.br\/baixada\/wp-json\/wp\/v2\/categories?post=5699"},{"taxonomy":"post_tag","embeddable":true,"href":"https:\/\/hostnetart.com.br\/baixada\/wp-json\/wp\/v2\/tags?post=5699"}],"curies":[{"name":"wp","href":"https:\/\/api.w.org\/{rel}","templated":true}]}}