{"id":5697,"date":"2018-12-05T16:05:16","date_gmt":"2018-12-05T18:05:16","guid":{"rendered":"https:\/\/hostnetart.com.br\/baixada\/bancarios-se-mobilizam-em-defesa-dos-bancos-publicos\/"},"modified":"2018-12-05T16:05:16","modified_gmt":"2018-12-05T18:05:16","slug":"bancarios-se-mobilizam-em-defesa-dos-bancos-publicos","status":"publish","type":"post","link":"https:\/\/hostnetart.com.br\/baixada\/bancarios-se-mobilizam-em-defesa-dos-bancos-publicos\/","title":{"rendered":"Banc\u00e1rios se mobilizam em defesa dos bancos p\u00fablicos"},"content":{"rendered":"<div class=\"content\">\n<p>Por orienta\u00e7\u00e3o do Comando Nacional dos Banc\u00e1rios, sindicatos da categoria em todo o pa\u00eds realizar\u00e3o manifesta\u00e7\u00f5es em defesa dos bancos p\u00fablicos. O Dia Nacional em Defesa dos Bancos P\u00fablicos ser\u00e1 um protesto contra amea\u00e7as proferidas por representantes das dire\u00e7\u00f5es dos bancos e membros de governos, que t\u00eam a inten\u00e7\u00e3o de fragilizar as empresas e vender seus ativos.<\/p>\n<p>\u201cAo contr\u00e1rio do que tentam fazer com que a sociedade acredite, os bancos p\u00fablicos n\u00e3o s\u00e3o um peso para o governo. S\u00e3o lucrativos e extremamente importantes para a sociedade. N\u00e3o apenas a popula\u00e7\u00e3o mais pobre, que necessita das pol\u00edticas sociais do governo, mas a agricultura, as pequenas e m\u00e9dias empresas, que dependem do fomento para o desenvolvimento, s\u00e3o prejudicadas com a pol\u00edtica de fragiliza\u00e7\u00e3o dos bancos p\u00fablicos\u201d, explicou a presidenta da Confedera\u00e7\u00e3o Nacional dos Trabalhadores do Ramo Financeiro (Contraf-CUT), Juvandia Moreira, que tamb\u00e9m \u00e9 coordenadora do Comando Nacional dos Banc\u00e1rios.<\/p>\n<p>\u00a0 \u00a0 \u00a0<strong>&gt;<\/strong>\u00a0<ins><em><a href=\"http:\/\/www.contrafcut.org.br\/noticias\/os-cinco-maiores-bancos-do-pais-lucraram-mais-de-r-65-bi-ate-o-3-trimestre-de-20-5b98\/\" target=\"_blank\" rel=\"noopener noreferrer\">Os cinco maiores bancos do pa\u00eds lucraram mais de R$ 65 bi at\u00e9 o 3\u00ba trimestre de 2018<\/a><\/em><\/ins><\/p>\n<p>Para Juvandia, toda a sociedade ser\u00e1 prejudicada se esta pol\u00edtica continuar. Programas governamentais importantes, como o \u2018Bolsa Fam\u00edlia\u2019, o \u2018Minha Casa, Minha Vida\u2019, o Fies, o ProUni, a concess\u00e3o de cr\u00e9dito para a agricultura, correm o risco de deixar de existir.<\/p>\n<p>\u201cNo governo Temer, o Tesouro Nacional deixou de fazer aportes financeiros para a Caixa e exigiu que o BNDES antecipasse o pagamento de d\u00edvidas que seriam pagas em 60 anos. Agora, querem transferir para institui\u00e7\u00f5es privadas os recursos do FGTS e do FAT (Fundo de Amparo ao Trabalhador), a gest\u00e3o de fundos de investimentos, as carteiras de seguros e de cart\u00f5es de cr\u00e9dito e as loterias. Isso enfraquece os bancos p\u00fablicos e desmonta sua capacidade de executar pol\u00edticas p\u00fablicas importantes, como o financiamento da casa pr\u00f3pria. S\u00e3o \u00e1reas estrat\u00e9gicas que possibilitam que os bancos p\u00fablicos cumpram verdadeiramente seu papel social\u201d, completou a presidenta da Contraf-CUT.<\/p>\n<p>Os bancos p\u00fablicos s\u00e3o os respons\u00e1veis pelo atendimento na maior parcela de munic\u00edpios no pa\u00eds, sobretudo aqueles comumente considerados menos rent\u00e1veis. T\u00eam forte presen\u00e7a nas regi\u00f5es Norte e Nordeste do Brasil, mais carentes em termos de atendimento banc\u00e1rio. Na regi\u00e3o Norte, 63,3% do total de ag\u00eancias s\u00e3o de bancos p\u00fablicos e na Regi\u00e3o Nordeste, 59,3%.<\/p>\n<p>Por isso, para o coordenador da Comiss\u00e3o Executiva dos Empregados da Caixa Econ\u00f4mica Federal (CEE\/Caixa), Dion\u00edsio Reis, n\u00e3o tem nenhum sentido fragilizar os bancos p\u00fablicos e privatiz\u00e1-los. \u201cEst\u00e3o reduzindo o quadro de pessoal, fechando ag\u00eancias, cortando recursos dos bancos p\u00fablicos para que a popula\u00e7\u00e3o acredite que n\u00e3o tem sentido mant\u00ea-los. Querem criar a impress\u00e3o de que eles prestam servi\u00e7os de m\u00e1 qualidade e n\u00e3o t\u00eam nenhuma serventia para a sociedade e, por isso, devem ser privatizados. Ao contr\u00e1rio disso os bancos p\u00fablicos s\u00e3o os mais eficientes em financiar o desenvolvimento do pa\u00eds e prestar diversos servi\u00e7os que os bancos privados n\u00e3o prestam. Os bancos p\u00fablicos est\u00e3o em locais que os privados n\u00e3o est\u00e3o, alcan\u00e7am pessoas e desenvolvem a economia de uma forma que os bancos privados n\u00e3o desenvolvem\u201d, disse.<\/p>\n<p>\u201cN\u00e3o tem sentido reduzir os bancos p\u00fablicos porque os privados n\u00e3o querem e n\u00e3o v\u00e3o ocupar esse espa\u00e7o. V\u00e3o deixar a sociedade \u00f3rf\u00e3 do financiamento da economia\u201d, concluiu Dion\u00edsio.<\/p>\n<p>A Caixa Econ\u00f4mica Federal, que possu\u00eda as melhores taxas de juros e chegou a ser respons\u00e1vel por mais de 70% dos financiamentos habitacionais no pa\u00eds, hoje n\u00e3o concede cr\u00e9dito t\u00e3o facilmente devido \u00e0 falta de aportes do Tesouro e desde 2015, cortou 12.791 postos de trabalho, segundo levantamento do Departamento Intersindical de Estat\u00edsticas e Estudos Socioecon\u00f4micos (Dieese) com base nos dados do Cadastro Geral de Empregados e Desempregados (Caged) do Minist\u00e9rio do Trabalho.<\/p>\n<p>Situa\u00e7\u00e3o semelhante vive o Banco do Brasil, que det\u00eam aproximadamente 70% da carteira de cr\u00e9dito agr\u00edcola no pa\u00eds, mas teve 777 ag\u00eancias banc\u00e1rias fechadas de 2015 a 2017.<\/p>\n<p>Tanto as ag\u00eancias da Caixa, quanto as do Banco do Brasil que s\u00e3o fechadas eram localizadas, normalmente, em bairros perif\u00e9ricos ou em pequenas cidades, onde havia apenas uma \u00fanica ag\u00eancia banc\u00e1ria. Para contar com servi\u00e7os banc\u00e1rios as pessoas precisam se deslocar por grandes dist\u00e2ncias.<\/p>\n<p>\u201cO banco corre o risco de perder seu papel social e se tornar mais um banco, como qualquer outra institui\u00e7\u00e3o financeira privada. O papel dos bancos \u00e9 contribuir com o desenvolvimento social e econ\u00f4mico do pa\u00eds, garantir o acesso ao cr\u00e9dito e permitir o pagamento e recebimento, al\u00e9m de manter os recursos em seguran\u00e7a. Seguindo neste ritmo o banco n\u00e3o vai conceder cr\u00e9dito e tampouco contribuir com o desenvolvimento do pa\u00eds, ou garantir o acesso aos servi\u00e7os banc\u00e1rios. \u00c9 isso o que o atual e o pr\u00f3ximo governo querem. Tornar os bancos p\u00fablicos obsoletos, para que ningu\u00e9m sinta falta dos seus servi\u00e7os\u201d, criticou o coordenador da Comiss\u00e3o de Empresa dos Funcion\u00e1rios do Banco do Brasil (CEBB), Wagner Nascimento.<\/p>\n<p>\u201cSem bancos p\u00fablicos o Brasil fica mais pobre e com menos capacidade de atuar em defesa das pessoas e das pequenas e m\u00e9dias empresas. Perde toda a sociedade. O Dia Nacional de Luta tem objetivo de conscientizar e mobilizar banc\u00e1rias e banc\u00e1rios em defesa do pa\u00eds, em defesa do desenvolvimento atrav\u00e9s dos bancos p\u00fablicos\u201d, completou o coordenador da CEBB.<\/p>\n<p><strong>Leia tamb\u00e9m:<\/strong><br \/> \u00a0 \u00a0 \u00a0<strong>&gt;<\/strong>\u00a0<ins><em><a href=\"http:\/\/www.contrafcut.org.br\/noticias\/contraf-cut-disponibiliza-publicacao-para-dia-nacional-em-defesa-dos-bancos-publ-2ceb\/\" target=\"_blank\" rel=\"noopener noreferrer\">Contraf-CUT disponibiliza publica\u00e7\u00e3o para Dia Nacional em Defesa dos Bancos P\u00fablicos<\/a><\/em><\/ins><\/p>\n<\/div>\n<p id=\"page-author\"><span style=\"text-decoration: underline;\"><strong>Fonte: Contraf-CUT<\/strong><\/span><\/p>\n","protected":false},"excerpt":{"rendered":"<p>Por orienta\u00e7\u00e3o do Comando Nacional dos Banc\u00e1rios, sindicatos da categoria em todo o pa\u00eds realizar\u00e3o manifesta\u00e7\u00f5es em defesa dos bancos p\u00fablicos. O Dia Nacional em Defesa dos Bancos P\u00fablicos ser\u00e1 um protesto contra amea\u00e7as proferidas por representantes das dire\u00e7\u00f5es dos bancos e membros de governos, que t\u00eam a inten\u00e7\u00e3o de fragilizar as empresas e vender [&hellip;]<\/p>\n","protected":false},"author":2,"featured_media":5696,"comment_status":"","ping_status":"","sticky":false,"template":"","format":"standard","meta":{"footnotes":""},"categories":[3],"tags":[],"class_list":["post-5697","post","type-post","status-publish","format-standard","has-post-thumbnail","hentry","category-noticias"],"_links":{"self":[{"href":"https:\/\/hostnetart.com.br\/baixada\/wp-json\/wp\/v2\/posts\/5697","targetHints":{"allow":["GET"]}}],"collection":[{"href":"https:\/\/hostnetart.com.br\/baixada\/wp-json\/wp\/v2\/posts"}],"about":[{"href":"https:\/\/hostnetart.com.br\/baixada\/wp-json\/wp\/v2\/types\/post"}],"author":[{"embeddable":true,"href":"https:\/\/hostnetart.com.br\/baixada\/wp-json\/wp\/v2\/users\/2"}],"replies":[{"embeddable":true,"href":"https:\/\/hostnetart.com.br\/baixada\/wp-json\/wp\/v2\/comments?post=5697"}],"version-history":[{"count":0,"href":"https:\/\/hostnetart.com.br\/baixada\/wp-json\/wp\/v2\/posts\/5697\/revisions"}],"wp:featuredmedia":[{"embeddable":true,"href":"https:\/\/hostnetart.com.br\/baixada\/wp-json\/wp\/v2\/media\/5696"}],"wp:attachment":[{"href":"https:\/\/hostnetart.com.br\/baixada\/wp-json\/wp\/v2\/media?parent=5697"}],"wp:term":[{"taxonomy":"category","embeddable":true,"href":"https:\/\/hostnetart.com.br\/baixada\/wp-json\/wp\/v2\/categories?post=5697"},{"taxonomy":"post_tag","embeddable":true,"href":"https:\/\/hostnetart.com.br\/baixada\/wp-json\/wp\/v2\/tags?post=5697"}],"curies":[{"name":"wp","href":"https:\/\/api.w.org\/{rel}","templated":true}]}}