{"id":5695,"date":"2018-12-04T17:35:04","date_gmt":"2018-12-04T19:35:04","guid":{"rendered":"https:\/\/hostnetart.com.br\/baixada\/falta-de-oportunidades-23-dos-jovens-no-brasil-nao-trabalham-nem-estudam\/"},"modified":"2018-12-04T17:35:04","modified_gmt":"2018-12-04T19:35:04","slug":"falta-de-oportunidades-23-dos-jovens-no-brasil-nao-trabalham-nem-estudam","status":"publish","type":"post","link":"https:\/\/hostnetart.com.br\/baixada\/falta-de-oportunidades-23-dos-jovens-no-brasil-nao-trabalham-nem-estudam\/","title":{"rendered":"Falta de oportunidades: 23% dos jovens no Brasil n\u00e3o trabalham nem estudam"},"content":{"rendered":"<p class=\" \">Os chamados &#8220;nem-nem&#8221;, jovens que n\u00e3o est\u00e3o trabalhando e nem estudando, j\u00e1 somam, de acordo com o Instituto de Pesquisa Econ\u00f4mica Aplicada (Ipea), aproximadamente 20 milh\u00f5es na Am\u00e9rica Latina e, no Brasil, 23%, a terceira taxa mais alta, entre nove pa\u00edses analisados. Divulgada nessa segunda-feira (3), a pesquisa revela que n\u00e3o se trata de acomoda\u00e7\u00e3o, mas sim falta de oportunidades.\u00a0<\/p>\n<p class=\" \">&#8220;Muda esse estere\u00f3tipo que a sociedade acreditava que os jovens &#8216;nem-nem&#8217; s\u00e3o aqueles ociosos, improdutivos. Na verdade, o que a pesquisa mostra \u00e9 que eles est\u00e3o nessa situa\u00e7\u00e3o, que uma situa\u00e7\u00e3o moment\u00e2nea, e h\u00e1 muita mudan\u00e7a dentro dela. Eles s\u00e3o jovens produtivos em busca de oportunidades&#8221;, afirma a\u00a0diretora de Estudos e Pol\u00edticas Sociais do Ipea e uma das autoras da pesquisa, Enid Rocha, \u00e0 rep\u00f3rter Ana Rosa Carrara, da\u00a0<b>R\u00e1dio Brasil Atual<\/b>, defendendo a substitui\u00e7\u00e3o do termo &#8220;nem-nem&#8221;, por &#8220;sem-sem&#8221;.\u00a0<\/p>\n<p class=\" \">Intitulado\u00a0<a class=\"external-link\" title=\"\" href=\"https:\/\/publications.iadb.org\/bitstream\/handle\/11319\/9290\/Millennials%20na%20Am%3frica%20Latina%20e%20no%20Caribe%2c%20trabalhar%20ou%20estudar%20-%20Sum%3frio%20Executivo.pdf?sequence=4&amp;isAllowed=y\" target=\"_blank\" rel=\"noopener noreferrer\">&#8220;Millennials na Am\u00e9rica e no Caribe: trabalhar ou estudar?&#8221;<\/a>, o estudo procurou apresentar uma radiografia da juventude latina, levando em conta dados de mais de 15 mil jovens do Brasil, Chile, Col\u00f4mbia, El Salvador, Haiti, M\u00e9xico, Paraguai, Peru e Uruguai, e revelou ainda um avan\u00e7o da informalidade sobre a parcela de jovens empregados, cerca de 70% no segmento.<\/p>\n<p class=\" \">A situa\u00e7\u00e3o tamb\u00e9m \u00e9 inc\u00f4moda entre aqueles que atuam no mercado formal e precisam enfrentar a alta rotatividade.\u00a0Para dar conta dessas quest\u00f5es, a diretora defende o investimento em pol\u00edticas p\u00fablicas de est\u00edmulo ao primeiro emprego e \u00e0 capacita\u00e7\u00e3o, tamb\u00e9m para aproveitar esse momento de b\u00f4nus demogr\u00e1fico da popula\u00e7\u00e3o mais jovem.<\/p>\n<p class=\" \">\u00a0<\/p>\n<p class=\" \"><strong>Fonte: Rede Brasil Atual<\/strong><\/p>\n","protected":false},"excerpt":{"rendered":"<p>Os chamados &#8220;nem-nem&#8221;, jovens que n\u00e3o est\u00e3o trabalhando e nem estudando, j\u00e1 somam, de acordo com o Instituto de Pesquisa Econ\u00f4mica Aplicada (Ipea), aproximadamente 20 milh\u00f5es na Am\u00e9rica Latina e, no Brasil, 23%, a terceira taxa mais alta, entre nove pa\u00edses analisados. Divulgada nessa segunda-feira (3), a pesquisa revela que n\u00e3o se trata de acomoda\u00e7\u00e3o, [&hellip;]<\/p>\n","protected":false},"author":2,"featured_media":5694,"comment_status":"","ping_status":"","sticky":false,"template":"","format":"standard","meta":{"footnotes":""},"categories":[3],"tags":[],"class_list":["post-5695","post","type-post","status-publish","format-standard","has-post-thumbnail","hentry","category-noticias"],"_links":{"self":[{"href":"https:\/\/hostnetart.com.br\/baixada\/wp-json\/wp\/v2\/posts\/5695","targetHints":{"allow":["GET"]}}],"collection":[{"href":"https:\/\/hostnetart.com.br\/baixada\/wp-json\/wp\/v2\/posts"}],"about":[{"href":"https:\/\/hostnetart.com.br\/baixada\/wp-json\/wp\/v2\/types\/post"}],"author":[{"embeddable":true,"href":"https:\/\/hostnetart.com.br\/baixada\/wp-json\/wp\/v2\/users\/2"}],"replies":[{"embeddable":true,"href":"https:\/\/hostnetart.com.br\/baixada\/wp-json\/wp\/v2\/comments?post=5695"}],"version-history":[{"count":0,"href":"https:\/\/hostnetart.com.br\/baixada\/wp-json\/wp\/v2\/posts\/5695\/revisions"}],"wp:featuredmedia":[{"embeddable":true,"href":"https:\/\/hostnetart.com.br\/baixada\/wp-json\/wp\/v2\/media\/5694"}],"wp:attachment":[{"href":"https:\/\/hostnetart.com.br\/baixada\/wp-json\/wp\/v2\/media?parent=5695"}],"wp:term":[{"taxonomy":"category","embeddable":true,"href":"https:\/\/hostnetart.com.br\/baixada\/wp-json\/wp\/v2\/categories?post=5695"},{"taxonomy":"post_tag","embeddable":true,"href":"https:\/\/hostnetart.com.br\/baixada\/wp-json\/wp\/v2\/tags?post=5695"}],"curies":[{"name":"wp","href":"https:\/\/api.w.org\/{rel}","templated":true}]}}