{"id":5693,"date":"2018-12-04T17:33:17","date_gmt":"2018-12-04T19:33:17","guid":{"rendered":"https:\/\/hostnetart.com.br\/baixada\/sindicatos-desaprovam-divisao-da-pasta-do-trabalho-precarizacao-e-retrocessos\/"},"modified":"2018-12-04T17:33:17","modified_gmt":"2018-12-04T19:33:17","slug":"sindicatos-desaprovam-divisao-da-pasta-do-trabalho-precarizacao-e-retrocessos","status":"publish","type":"post","link":"https:\/\/hostnetart.com.br\/baixada\/sindicatos-desaprovam-divisao-da-pasta-do-trabalho-precarizacao-e-retrocessos\/","title":{"rendered":"Sindicatos desaprovam divis\u00e3o da pasta do Trabalho: &#8216;precariza\u00e7\u00e3o e retrocessos&#8217;"},"content":{"rendered":"<p class=\" \">Ap\u00f3s o\u00a0<a class=\"internal-link\" title=\"\" href=\"https:\/\/www.redebrasilatual.com.br\/politica\/2018\/12\/pasta-do-trabalho-sera-fatiada-area-sindical-ficara-com-moro\" target=\"_blank\" rel=\"noopener noreferrer\">an\u00fancio<\/a>\u00a0do fim do Minist\u00e9rio do Trabalho e Emprego (MTE), entidades sindicais\u00a0<a class=\"internal-link\" title=\"\" href=\"https:\/\/www.redebrasilatual.com.br\/politica\/2018\/12\/fechar-ministerio-e-agressao-a-historia-do-mundo-do-trabalho-diz-marinho\" target=\"_blank\" rel=\"noopener noreferrer\">criticaram a decis\u00e3o\u00a0<\/a>que, para elas, exp\u00f5e o descaso do futuro governo de Jair Bolsonaro (PSL) com os trabalhadores e seus direitos, al\u00e9m de precarizar as condi\u00e7\u00f5es de trabalho. Nessa segunda-feira (3), o futuro ministro da Casa Civil, Onyx Lorenzoni, confirmou que as fun\u00e7\u00f5es do MTE ser\u00e3o dilu\u00eddas entre os minist\u00e9rios da Justi\u00e7a, Economia e Cidadania.<\/p>\n<p>&#8220;Bolsonaro n\u00e3o acaba com o Minist\u00e9rio da Ind\u00fastria e do Com\u00e9rcio, ele n\u00e3o acaba com o minist\u00e9rio que atende aos interesses do agroneg\u00f3cio, mas acaba com o minist\u00e9rio que trata de assuntos relativos aos interesses da classe trabalhadora&#8221;, adverte o presidente nacional da CUT, Vagner Freitas, em entrevista \u00e0 TV Brasil 247.\u00a0<\/p>\n<p class=\" \">Criada em 1930, a pasta do Trabalho, ao longo desses quase 90 anos, teve papel importante nas pol\u00edticas de cria\u00e7\u00e3o de emprego, na fiscaliza\u00e7\u00e3o das leis trabalhistas e na interlocu\u00e7\u00e3o tripartite entre governo, empresas e trabalhadores, agora<a class=\"internal-link\" title=\"\" href=\"https:\/\/www.redebrasilatual.com.br\/trabalho\/2018\/11\/fim-do-ministerio-do-trabalho-deixara-trabalhador-refem-do-patrao-alertam-centrais\" target=\"_blank\" rel=\"noopener noreferrer\">\u00a0amea\u00e7adas<\/a>\u00a0com a proposta do novo governo, como avalia o\u00a0presidente da CTB, Adilson Ara\u00fajo,\u00a0ao rep\u00f3rter Cosmo Silva, da\u00a0<strong>R\u00e1dio Brasil Atual.\u00a0<\/strong>&#8220;\u00c9 a liquida\u00e7\u00e3o daquilo que diz respeito \u00e0 vida do nosso povo e \u00e0 vida dos trabalhadores&#8221;, sintetiza.\u00a0<\/p>\n<p class=\" \">O vice-presidente da CUT S\u00e3o Paulo, Valdir Fernandes, o Tafarel, ressalta ainda riscos de persegui\u00e7\u00e3o aos movimentos sindicais pelo ex-juiz S\u00e9rgio Moro. &#8220;Porque (os sindicatos) s\u00e3o os que defendem os direitos dos trabalhadores. (&#8230;)\u00a0Para n\u00f3s, \u00e9 um grande retrocesso. \u00c9 um governo que n\u00e3o tem consist\u00eancia, s\u00e3o pessoas que n\u00e3o conhecem de fato o governo e acho que eles v\u00e3o jogar o Brasil, a partir de 1\u00ba de janeiro, em um precip\u00edcio sem tamanho&#8221;, analisou.\u00a0<\/p>\n<p class=\" \">Al\u00e9m da<a class=\"internal-link\" title=\"\" href=\"https:\/\/www.redebrasilatual.com.br\/politica\/2018\/11\/fim-do-ministerio-do-trabalho-por-bolsonaro-e-ameaca-real-a-direitos\" target=\"_blank\" rel=\"noopener noreferrer\">\u00a0repercuss\u00e3o negativa<\/a>\u00a0em rela\u00e7\u00e3o \u00e0s perspectivas de cria\u00e7\u00e3o de empregos e dos retrocessos trabalhistas, o presidente do Sindicato dos Banc\u00e1rios da Regi\u00e3o do ABC Paulista, Belmiro Moreira, analisa que a decis\u00e3o pode precarizar e dificultar a fiscaliza\u00e7\u00e3o das condi\u00e7\u00f5es degradantes de trabalho em todo o Brasil, assim como do\u00a0<a class=\"internal-link\" title=\"\" href=\"https:\/\/www.redebrasilatual.com.br\/eleicoes-2018\/bolsonaro-ameaca-combate-trabalho-escravo-que-fez-1246-resgates-em-2018\" target=\"_blank\" rel=\"noopener noreferrer\">trabalho escravo infantil<\/a>, investigados hoje pelo MTE.<\/p>\n<p class=\" \">&#8220;Sabemos que mesmo estando no s\u00e9culo 21, muitos trabalhadores ainda s\u00e3o submetidos a condi\u00e7\u00f5es an\u00e1logas \u00e0 escravid\u00e3o e o Minist\u00e9rio do Trabalho tem o papel importante de fiscalizar e combater isso. Quando a gente v\u00ea o governo eleito defender o fim do Minist\u00e9rio, a gente entende que eles est\u00e3o defendendo o interesse de quem os apoiou, os grandes empres\u00e1rios que querem acabar com os direitos dos trabalhadores&#8221;, critica Moreira.\u00a0<\/p>\n<p class=\" \">\u00a0<\/p>\n<p class=\" \"><span style=\"text-decoration: underline;\"><strong>Fonte: Rede Brasil Atual<\/strong><\/span><\/p>\n","protected":false},"excerpt":{"rendered":"<p>Ap\u00f3s o\u00a0an\u00fancio\u00a0do fim do Minist\u00e9rio do Trabalho e Emprego (MTE), entidades sindicais\u00a0criticaram a decis\u00e3o\u00a0que, para elas, exp\u00f5e o descaso do futuro governo de Jair Bolsonaro (PSL) com os trabalhadores e seus direitos, al\u00e9m de precarizar as condi\u00e7\u00f5es de trabalho. Nessa segunda-feira (3), o futuro ministro da Casa Civil, Onyx Lorenzoni, confirmou que as fun\u00e7\u00f5es do [&hellip;]<\/p>\n","protected":false},"author":2,"featured_media":5692,"comment_status":"","ping_status":"","sticky":false,"template":"","format":"standard","meta":{"footnotes":""},"categories":[3],"tags":[],"class_list":["post-5693","post","type-post","status-publish","format-standard","has-post-thumbnail","hentry","category-noticias"],"_links":{"self":[{"href":"https:\/\/hostnetart.com.br\/baixada\/wp-json\/wp\/v2\/posts\/5693","targetHints":{"allow":["GET"]}}],"collection":[{"href":"https:\/\/hostnetart.com.br\/baixada\/wp-json\/wp\/v2\/posts"}],"about":[{"href":"https:\/\/hostnetart.com.br\/baixada\/wp-json\/wp\/v2\/types\/post"}],"author":[{"embeddable":true,"href":"https:\/\/hostnetart.com.br\/baixada\/wp-json\/wp\/v2\/users\/2"}],"replies":[{"embeddable":true,"href":"https:\/\/hostnetart.com.br\/baixada\/wp-json\/wp\/v2\/comments?post=5693"}],"version-history":[{"count":0,"href":"https:\/\/hostnetart.com.br\/baixada\/wp-json\/wp\/v2\/posts\/5693\/revisions"}],"wp:featuredmedia":[{"embeddable":true,"href":"https:\/\/hostnetart.com.br\/baixada\/wp-json\/wp\/v2\/media\/5692"}],"wp:attachment":[{"href":"https:\/\/hostnetart.com.br\/baixada\/wp-json\/wp\/v2\/media?parent=5693"}],"wp:term":[{"taxonomy":"category","embeddable":true,"href":"https:\/\/hostnetart.com.br\/baixada\/wp-json\/wp\/v2\/categories?post=5693"},{"taxonomy":"post_tag","embeddable":true,"href":"https:\/\/hostnetart.com.br\/baixada\/wp-json\/wp\/v2\/tags?post=5693"}],"curies":[{"name":"wp","href":"https:\/\/api.w.org\/{rel}","templated":true}]}}