{"id":5689,"date":"2018-12-04T17:30:06","date_gmt":"2018-12-04T19:30:06","guid":{"rendered":"https:\/\/hostnetart.com.br\/baixada\/retomada-da-economia-pos-crise-e-mais-lenta-do-que-de-outras-recessoes\/"},"modified":"2018-12-04T17:30:06","modified_gmt":"2018-12-04T19:30:06","slug":"retomada-da-economia-pos-crise-e-mais-lenta-do-que-de-outras-recessoes","status":"publish","type":"post","link":"https:\/\/hostnetart.com.br\/baixada\/retomada-da-economia-pos-crise-e-mais-lenta-do-que-de-outras-recessoes\/","title":{"rendered":"Retomada da economia p\u00f3s-crise \u00e9 mais lenta do que de outras recess\u00f5es"},"content":{"rendered":"<p class=\" \">O crescimento do Produto Interno Bruto (PIB) divulgado na sexta-feira (30) mostra que a retomada econ\u00f4mica do Brasil vem acontecendo a passos lentos, avalia o diretor t\u00e9cnico do Dieese, Clemente Ganz L\u00facio, na\u00a0<b>R\u00e1dio Brasil Atual<\/b>. No terceiro trimestre, o PIB cresceu 0,8%, na compara\u00e7\u00e3o com os tr\u00eas meses anteriores, mas o resultado, de acordo com Clemente, \u00e9 pior do que o observado em outros per\u00edodos de recess\u00e3o.<\/p>\n<p class=\" \">&#8220;Considerando o per\u00edodo da crise de 1981-1983, a velocidade de sa\u00edda da crise foi 3 vezes maior do que a observada neste momento&#8221;, compara o diretor t\u00e9cnico. Segundo ele, os resultados aqu\u00e9m do esperado est\u00e3o atrelados em parte ao baixo investimento p\u00fablico e privado, ao\u00a0<a class=\"internal-link\" title=\"\" href=\"https:\/\/www.redebrasilatual.com.br\/economia\/2018\/10\/emprego-formal-cresce-mas-continua-pagando-menos\" target=\"_blank\" rel=\"noopener noreferrer\">desemprego<\/a>, \u00e0 capacidade do mercado interno em sustentar o consumo e ao<a class=\"internal-link\" title=\"\" href=\"https:\/\/www.redebrasilatual.com.br\/economia\/2018\/10\/com-economia-fraca-pais-tem-62-milhoes-de-negativados\" target=\"_blank\" rel=\"noopener noreferrer\">\u00a0endividamento<\/a>\u00a0das fam\u00edlias brasileiras.<\/p>\n<p class=\" \">Para o pr\u00f3ximo ano, Clemente avalia que, apesar da expectativa por um desempenho melhor da economia, a repercuss\u00e3o sobre o emprego ainda deve ser baixa. &#8220;N\u00f3s teremos em 2019 e 2020, provavelmente, uma economia que vai estar no mesmo tamanho da economia de 2014, dada a queda que a recess\u00e3o trouxe e a nossa velocidade lenta na sa\u00edda da crise&#8221;, afirma.<\/p>\n<h3 class=\" \">Ou\u00e7a a an\u00e1lise na \u00edntegra:\u00a0<a href=\"https:\/\/soundcloud.com\/redebrasilatual\">https:\/\/soundcloud.com\/redebrasilatual<\/a><\/h3>\n<p>\u00a0<\/p>\n<p><strong>Fonte: Rede Brasil Atual<\/strong><\/p>\n","protected":false},"excerpt":{"rendered":"<p>O crescimento do Produto Interno Bruto (PIB) divulgado na sexta-feira (30) mostra que a retomada econ\u00f4mica do Brasil vem acontecendo a passos lentos, avalia o diretor t\u00e9cnico do Dieese, Clemente Ganz L\u00facio, na\u00a0R\u00e1dio Brasil Atual. No terceiro trimestre, o PIB cresceu 0,8%, na compara\u00e7\u00e3o com os tr\u00eas meses anteriores, mas o resultado, de acordo com [&hellip;]<\/p>\n","protected":false},"author":2,"featured_media":5688,"comment_status":"","ping_status":"","sticky":false,"template":"","format":"standard","meta":{"footnotes":""},"categories":[3],"tags":[],"class_list":["post-5689","post","type-post","status-publish","format-standard","has-post-thumbnail","hentry","category-noticias"],"_links":{"self":[{"href":"https:\/\/hostnetart.com.br\/baixada\/wp-json\/wp\/v2\/posts\/5689","targetHints":{"allow":["GET"]}}],"collection":[{"href":"https:\/\/hostnetart.com.br\/baixada\/wp-json\/wp\/v2\/posts"}],"about":[{"href":"https:\/\/hostnetart.com.br\/baixada\/wp-json\/wp\/v2\/types\/post"}],"author":[{"embeddable":true,"href":"https:\/\/hostnetart.com.br\/baixada\/wp-json\/wp\/v2\/users\/2"}],"replies":[{"embeddable":true,"href":"https:\/\/hostnetart.com.br\/baixada\/wp-json\/wp\/v2\/comments?post=5689"}],"version-history":[{"count":0,"href":"https:\/\/hostnetart.com.br\/baixada\/wp-json\/wp\/v2\/posts\/5689\/revisions"}],"wp:featuredmedia":[{"embeddable":true,"href":"https:\/\/hostnetart.com.br\/baixada\/wp-json\/wp\/v2\/media\/5688"}],"wp:attachment":[{"href":"https:\/\/hostnetart.com.br\/baixada\/wp-json\/wp\/v2\/media?parent=5689"}],"wp:term":[{"taxonomy":"category","embeddable":true,"href":"https:\/\/hostnetart.com.br\/baixada\/wp-json\/wp\/v2\/categories?post=5689"},{"taxonomy":"post_tag","embeddable":true,"href":"https:\/\/hostnetart.com.br\/baixada\/wp-json\/wp\/v2\/tags?post=5689"}],"curies":[{"name":"wp","href":"https:\/\/api.w.org\/{rel}","templated":true}]}}