{"id":5687,"date":"2018-12-04T17:29:28","date_gmt":"2018-12-04T19:29:28","guid":{"rendered":"https:\/\/hostnetart.com.br\/baixada\/pdc-956-pode-ser-aprovado-nesta-terca-feira\/"},"modified":"2018-12-04T17:29:28","modified_gmt":"2018-12-04T19:29:28","slug":"pdc-956-pode-ser-aprovado-nesta-terca-feira","status":"publish","type":"post","link":"https:\/\/hostnetart.com.br\/baixada\/pdc-956-pode-ser-aprovado-nesta-terca-feira\/","title":{"rendered":"PDC 956 pode ser aprovado nesta ter\u00e7a-feira"},"content":{"rendered":"<div class=\"content\">\n<p>Est\u00e1 confirmada para esta ter\u00e7a-feira (4), a vota\u00e7\u00e3o do Projeto de Decreto Legislativo da C\u00e2mara (PDC) 956\/18, de autoria da deputada Erika Kokay, em defesa das autogest\u00f5es. O projeto est\u00e1 em an\u00e1lise na Comiss\u00e3o de Constitui\u00e7\u00e3o e Justi\u00e7a e de Cidadania (CCJC) da C\u00e2mara dos Deputados. As entidades representativas convocam os trabalhadores a comparecer no Anexo II, plen\u00e1rio 01, \u00e0s 14h30, onde ocorrer\u00e1 a vota\u00e7\u00e3o.<\/p>\n<p>O relator do projeto, Tadeu Alencar (PSB\/PE), \u00e9 favor\u00e1vel \u00e0 mat\u00e9ria e garante a legitimidade do PDC por se tratar de uma proposi\u00e7\u00e3o que teve a participa\u00e7\u00e3o de todas as entidades representativas dos trabalhadores. O objetivo do projeto \u00e9 sustar os efeitos da resolu\u00e7\u00e3o n\u00ba 23 da Comiss\u00e3o Interministerial de Governan\u00e7a Corporativa e de Administra\u00e7\u00e3o de Participa\u00e7\u00f5es Societ\u00e1rias da Uni\u00e3o (CGPAR), que trata do custeio das empresas estatais em rela\u00e7\u00e3o \u00e0 assist\u00eancia \u00e0 sa\u00fade dos seus empregados e aposentados.<\/p>\n<p>As resolu\u00e7\u00f5es da CGPAR impactam diretamente a vida do usu\u00e1rio do Sa\u00fade Caixa. Entre os pontos da resolu\u00e7\u00e3o est\u00e3o \u00e0 redu\u00e7\u00e3o da participa\u00e7\u00e3o das estatais no custeio do plano, maior restri\u00e7\u00e3o do acesso a aposentados, novos empregados e dependentes indiretos, pro\u00edbe o detalhamento das condi\u00e7\u00f5es dos programas de sa\u00fade nos Acordos Coletivos de Trabalho, entre outros aspectos negativos. Se forem mantidas, as orienta\u00e7\u00f5es da CGPAR encarecer\u00e3o os planos de autogest\u00e3o, tornando-os inacess\u00edveis aos trabalhadores de menores sal\u00e1rios.<\/p>\n<p>Participam da mobiliza\u00e7\u00e3o em defesa das autogest\u00f5es, a Fenae, a Contraf-CUT, Fenacef, Fenag, Advocef, Aneac, Social Caixa e Anacef, FUP, FNP, Fentect, Findect, AFBndes, Unidasprev, Anabb, Sinpaf, CNU, FNU, entre outras, representando os banc\u00e1rios, petroleiros, eletricit\u00e1rios, carteiros e demais categorias.<\/p>\n<p>No site da C\u00e2mara, est\u00e1 dispon\u00edvel uma enquete para que os cidad\u00e3os possam manifestar seu apoio ao PDC 956\/18. At\u00e9 o momento, cerca de 41 mil pessoas j\u00e1 votaram, sendo 95% a favor do projeto que susta a resolu\u00e7\u00e3o CGPAR n\u00ba 23.<\/p>\n<p>Acesse a enquete e\u00a0<a href=\"https:\/\/forms.camara.leg.br\/ex\/enquetes\/2176886\" target=\"_blank\" rel=\"noopener noreferrer\"><strong><ins>apoie o PDC 956\/201<\/ins><\/strong>8<\/a>.<\/p>\n<\/div>\n<p id=\"page-author\"><strong>Fonte: Fenae<\/strong><\/p>\n","protected":false},"excerpt":{"rendered":"<p>Est\u00e1 confirmada para esta ter\u00e7a-feira (4), a vota\u00e7\u00e3o do Projeto de Decreto Legislativo da C\u00e2mara (PDC) 956\/18, de autoria da deputada Erika Kokay, em defesa das autogest\u00f5es. O projeto est\u00e1 em an\u00e1lise na Comiss\u00e3o de Constitui\u00e7\u00e3o e Justi\u00e7a e de Cidadania (CCJC) da C\u00e2mara dos Deputados. As entidades representativas convocam os trabalhadores a comparecer no [&hellip;]<\/p>\n","protected":false},"author":2,"featured_media":5686,"comment_status":"","ping_status":"","sticky":false,"template":"","format":"standard","meta":{"footnotes":""},"categories":[3],"tags":[],"class_list":["post-5687","post","type-post","status-publish","format-standard","has-post-thumbnail","hentry","category-noticias"],"_links":{"self":[{"href":"https:\/\/hostnetart.com.br\/baixada\/wp-json\/wp\/v2\/posts\/5687","targetHints":{"allow":["GET"]}}],"collection":[{"href":"https:\/\/hostnetart.com.br\/baixada\/wp-json\/wp\/v2\/posts"}],"about":[{"href":"https:\/\/hostnetart.com.br\/baixada\/wp-json\/wp\/v2\/types\/post"}],"author":[{"embeddable":true,"href":"https:\/\/hostnetart.com.br\/baixada\/wp-json\/wp\/v2\/users\/2"}],"replies":[{"embeddable":true,"href":"https:\/\/hostnetart.com.br\/baixada\/wp-json\/wp\/v2\/comments?post=5687"}],"version-history":[{"count":0,"href":"https:\/\/hostnetart.com.br\/baixada\/wp-json\/wp\/v2\/posts\/5687\/revisions"}],"wp:featuredmedia":[{"embeddable":true,"href":"https:\/\/hostnetart.com.br\/baixada\/wp-json\/wp\/v2\/media\/5686"}],"wp:attachment":[{"href":"https:\/\/hostnetart.com.br\/baixada\/wp-json\/wp\/v2\/media?parent=5687"}],"wp:term":[{"taxonomy":"category","embeddable":true,"href":"https:\/\/hostnetart.com.br\/baixada\/wp-json\/wp\/v2\/categories?post=5687"},{"taxonomy":"post_tag","embeddable":true,"href":"https:\/\/hostnetart.com.br\/baixada\/wp-json\/wp\/v2\/tags?post=5687"}],"curies":[{"name":"wp","href":"https:\/\/api.w.org\/{rel}","templated":true}]}}