{"id":5675,"date":"2018-11-30T13:23:22","date_gmt":"2018-11-30T15:23:22","guid":{"rendered":"https:\/\/hostnetart.com.br\/baixada\/bancarios-de-todo-o-pais-protestam-contra-o-fatiamento-da-caixa\/"},"modified":"2018-11-30T13:23:22","modified_gmt":"2018-11-30T15:23:22","slug":"bancarios-de-todo-o-pais-protestam-contra-o-fatiamento-da-caixa","status":"publish","type":"post","link":"https:\/\/hostnetart.com.br\/baixada\/bancarios-de-todo-o-pais-protestam-contra-o-fatiamento-da-caixa\/","title":{"rendered":"Banc\u00e1rios de todo o pa\u00eds protestam contra o fatiamento da Caixa"},"content":{"rendered":"<div class=\"content\">\n<p>Banc\u00e1rios de todo o Brasil realizaram, nesta quinta-feira (29), do Dia Nacional de Luta contra o fatiamento da Caixa. A Confedera\u00e7\u00e3o Nacional dos Trabalhadores do Ramo Financeiro (Contraf-CUT) participou das mobiliza\u00e7\u00f5es e orientou as atividades de federa\u00e7\u00f5es, sindicatos e associa\u00e7\u00f5es.<\/p>\n<p>De acordo com Dion\u00edsio Reis, coordenador da Comiss\u00e3o Executiva dos Empregados (CEE\/Caixa), \u00e9 fundamental que empregados e sociedade continuem na luta em defesa do banco p\u00fablico. \u201cPrecisamos refor\u00e7ar a mobiliza\u00e7\u00e3o em defesa da Caixa, para que ela continue forte, social e parceira estrat\u00e9gica na execu\u00e7\u00e3o de pol\u00edticas p\u00fablicas\u201d, afirmou.<\/p>\n<p>Os representantes dos trabalhadores foram aos locais de trabalho e em pra\u00e7as p\u00fablicas dialogar com a popula\u00e7\u00e3o sobre a import\u00e2ncia do banco p\u00fablico para a sociedade e para o desenvolvimento socioecon\u00f4mico do pa\u00eds.\u00a0<\/p>\n<p>Tamb\u00e9m foram distribu\u00eddos cartazes e preguinhas da campanha \u201cN\u00e3o tem sentido\u201d, lan\u00e7ada em outubro pela Fenae, com os dizeres \u201cN\u00e3o tem sentido privatizar a Lotex\u201d, \u201cN\u00e3o tem sentido fatiar a Caixa\u201d, \u201cN\u00e3o tem sentido privatizar a Caixa\u201d, \u201cN\u00e3o tem sentido enfraquecer a Caixa\u201d e \u201cN\u00e3o tem sentido diminuir a Caixa\u201d.\u00a0<\/p>\n<p>As mobiliza\u00e7\u00f5es em defesa da Caixa 100% p\u00fablica n\u00e3o param por a\u00ed. No dia 6 de dezembro, os trabalhadores realizar\u00e3o um Dia Nacional de Luta em defesa de todos os bancos p\u00fablicos.<\/p>\n<\/div>\n<p id=\"page-author\"><strong>Fonte: Contraf-CUT<\/strong><\/p>\n","protected":false},"excerpt":{"rendered":"<p>Banc\u00e1rios de todo o Brasil realizaram, nesta quinta-feira (29), do Dia Nacional de Luta contra o fatiamento da Caixa. A Confedera\u00e7\u00e3o Nacional dos Trabalhadores do Ramo Financeiro (Contraf-CUT) participou das mobiliza\u00e7\u00f5es e orientou as atividades de federa\u00e7\u00f5es, sindicatos e associa\u00e7\u00f5es. De acordo com Dion\u00edsio Reis, coordenador da Comiss\u00e3o Executiva dos Empregados (CEE\/Caixa), \u00e9 fundamental que [&hellip;]<\/p>\n","protected":false},"author":2,"featured_media":5674,"comment_status":"","ping_status":"","sticky":false,"template":"","format":"standard","meta":{"footnotes":""},"categories":[3],"tags":[],"class_list":["post-5675","post","type-post","status-publish","format-standard","has-post-thumbnail","hentry","category-noticias"],"_links":{"self":[{"href":"https:\/\/hostnetart.com.br\/baixada\/wp-json\/wp\/v2\/posts\/5675","targetHints":{"allow":["GET"]}}],"collection":[{"href":"https:\/\/hostnetart.com.br\/baixada\/wp-json\/wp\/v2\/posts"}],"about":[{"href":"https:\/\/hostnetart.com.br\/baixada\/wp-json\/wp\/v2\/types\/post"}],"author":[{"embeddable":true,"href":"https:\/\/hostnetart.com.br\/baixada\/wp-json\/wp\/v2\/users\/2"}],"replies":[{"embeddable":true,"href":"https:\/\/hostnetart.com.br\/baixada\/wp-json\/wp\/v2\/comments?post=5675"}],"version-history":[{"count":0,"href":"https:\/\/hostnetart.com.br\/baixada\/wp-json\/wp\/v2\/posts\/5675\/revisions"}],"wp:featuredmedia":[{"embeddable":true,"href":"https:\/\/hostnetart.com.br\/baixada\/wp-json\/wp\/v2\/media\/5674"}],"wp:attachment":[{"href":"https:\/\/hostnetart.com.br\/baixada\/wp-json\/wp\/v2\/media?parent=5675"}],"wp:term":[{"taxonomy":"category","embeddable":true,"href":"https:\/\/hostnetart.com.br\/baixada\/wp-json\/wp\/v2\/categories?post=5675"},{"taxonomy":"post_tag","embeddable":true,"href":"https:\/\/hostnetart.com.br\/baixada\/wp-json\/wp\/v2\/tags?post=5675"}],"curies":[{"name":"wp","href":"https:\/\/api.w.org\/{rel}","templated":true}]}}