{"id":5673,"date":"2018-11-30T13:22:35","date_gmt":"2018-11-30T15:22:35","guid":{"rendered":"https:\/\/hostnetart.com.br\/baixada\/coe-do-itau-cobra-resposta-sobre-pcr\/"},"modified":"2018-11-30T13:22:35","modified_gmt":"2018-11-30T15:22:35","slug":"coe-do-itau-cobra-resposta-sobre-pcr","status":"publish","type":"post","link":"https:\/\/hostnetart.com.br\/baixada\/coe-do-itau-cobra-resposta-sobre-pcr\/","title":{"rendered":"COE do Ita\u00fa cobra resposta sobre PCR"},"content":{"rendered":"<div class=\"content\">\n<p>A Comiss\u00e3o de Organiza\u00e7\u00e3o dos Empregados (COE) do Ita\u00fa se reuniu com o banco, nesta quinta-feira (29), na sede da Confedera\u00e7\u00e3o Nacional dos Trabalhadores do Ramo Financeiro (Contraf-CUT), em S\u00e3o Paulo, para dar prosseguimento \u00e0 negocia\u00e7\u00e3o sobre o Programa Completar de Resultados (PCR).<\/p>\n<p>Em reuni\u00e3o realizada no dia 8 de novembro, os trabalhadores entregaram uma proposta para que a PCR passe a distribuir 2% do lucro l\u00edquido do banco aos funcion\u00e1rios.<\/p>\n<p>\u201cMais do que valorizar a PCR, essa proposta vai no mesmo sentido do que o banco prega, que \u00e9 a valoriza\u00e7\u00e3o dos esfor\u00e7os de seus funcion\u00e1rios. Nada mais justo do que atrelar o programa ao lucro l\u00edquido do banco, que s\u00e3o obtidos a partir do trabalho dos banc\u00e1rios\u201d, disse o diretor da Contraf-CUT e coordenador da COE do Ita\u00fa, Jair Alves.<\/p>\n<p><ins><strong><a href=\"http:\/\/www.contrafcut.org.br\/noticias\/itau-pagara-pcr-junto-com-a-plr-no-dia-20-6c6a\" target=\"_blank\" rel=\"noopener noreferrer\">O \u00faltimo valor pago<\/a><\/strong><\/ins><strong> pelo banco a t\u00edtulo de PCR, no dia 20 de setembro, foi de R$ 2.662,66<\/strong> por funcion\u00e1rio.<\/p>\n<p>\u201c\u00c9 importante destacar que o banco entendeu a reivindica\u00e7\u00e3o da COE, que pede a valoriza\u00e7\u00e3o da PCR e dos funcion\u00e1rios. Est\u00e3o analisando a proposta e v\u00e3o nos dar a resposta na pr\u00f3xima reuni\u00e3o\u201d, disse Ramon Peres, representante da Federa\u00e7\u00e3o dos Trabalhadores do Ramo Financeiro de Minas Gerais (Fetrafi\/MG).<\/p>\n<p>A proposta est\u00e1 nas m\u00e3os da diretoria do banco, que dar\u00e1 a resposta na reuni\u00e3o agendada para o dia 6 de dezembro, no Centro Empresarial <em>Ita\u00fa<\/em> Concei\u00e7\u00e3o (CEIC), em S\u00e3o Paulo.<\/p>\n<p><strong>Bolsas de estudo<\/strong><br \/> Durante a reuni\u00e3o, a COE tamb\u00e9m reivindicou o reajuste do valor da bolsa de estudo dada pelo banco. Hoje o Ita\u00fa concede bolsa de R$ 390,00 para 5.500 funcion\u00e1rios.<\/p>\n<p>O banco tamb\u00e9m analisar\u00e1 a proposta e dar\u00e1 a resposta na reuni\u00e3o do dia 6\/12. Neste mesmo dia o banco vai apresentar \u00e0 COE um mapeamento da utiliza\u00e7\u00e3o das bolsas no pa\u00eds.<\/p>\n<p><strong><em>Turnover<\/em><\/strong><br \/> O banco tamb\u00e9m vai apresentar no dia 6 as informa\u00e7\u00f5es sobre o <em>turnover<\/em> de funcion\u00e1rios.<\/p>\n<p><strong>Agir<\/strong><br \/> Ap\u00f3s a reuni\u00e3o com o banco a COE permaneceu reunida para tratar da pesquisa sobre o Agir, programa espec\u00edfico do Ita\u00fa utilizado para definir a remunera\u00e7\u00e3o vari\u00e1vel de seus funcion\u00e1rios.<\/p>\n<p>A Contraf-CUT e a COE prepararam uma <ins><strong><a href=\"https:\/\/docs.google.com\/forms\/d\/e\/1FAIpQLSf8W0HgavMu1NNxnTWxM3XwVhFotm_uHUAnn6ZgERzTGbQatA\/viewform\" target=\"_blank\" rel=\"noopener noreferrer\">pesquisa<\/a><\/strong><\/ins> para que os funcion\u00e1rios avaliem o programa e ela possa negociar altera\u00e7\u00f5es que forem necess\u00e1rias. O levantamento tamb\u00e9m buscar\u00e1 informa\u00e7\u00f5es sobre outro programa do banco, o \u201cScore de Qualidade de Vendas\u201d (SQV).<\/p>\n<p><strong>Leia tamb\u00e9m:<\/strong><br \/> \u00a0\u00a0\u00a0\u00a0 <strong>&gt;<\/strong> <ins><em><a href=\"http:\/\/www.contrafcut.org.br\/noticias\/itau-ja-esta-com-proposta-de-renovacao-do-pcr-f38f\" target=\"_blank\" rel=\"noopener noreferrer\">Ita\u00fa j\u00e1 est\u00e1 com proposta de renova\u00e7\u00e3o do PCR<\/a><\/em><\/ins><br \/> \u00a0\u00a0\u00a0\u00a0 <strong>&gt;<\/strong> <em><ins><a href=\"http:\/\/www.contrafcut.org.br\/noticias\/lucro-do-itau-chega-a-r-19-255-bi-nos-nove-meses-de-2018-7f22\/\" target=\"_blank\" rel=\"noopener noreferrer\">Lucro do Ita\u00fa chega a R$19,255 bi nos nove meses de 2018<\/a><\/ins><\/em><br \/> \u00a0\u00a0\u00a0\u00a0 <strong>&gt;<\/strong> <em><ins><a href=\"http:\/\/www.contrafcut.org.br\/noticias\/coe-do-itau-orienta-visita-as-bases-para-tratar-do-sqv-b1fa\" target=\"_blank\" rel=\"noopener noreferrer\">Contraf-CUT cobra mudan\u00e7as no SQV do Ita\u00fa<\/a><\/ins><\/em><br \/> \u00a0\u00a0\u00a0\u00a0 <strong>&gt;<\/strong> <em><ins><a href=\"http:\/\/www.contrafcut.org.br\/noticias\/bancarios-do-itau-fecham-pauta-especifica-de-reivindicacoes-0645\" target=\"_blank\" rel=\"noopener noreferrer\">Banc\u00e1rios do Ita\u00fa fecham pauta espec\u00edfica de reivindica\u00e7\u00f5es<\/a><\/ins><\/em><\/p>\n<\/div>\n<p id=\"page-author\"><span style=\"text-decoration: underline;\"><em><strong>Fonte: Contraf-CUT<\/strong><\/em><\/span><\/p>\n","protected":false},"excerpt":{"rendered":"<p>A Comiss\u00e3o de Organiza\u00e7\u00e3o dos Empregados (COE) do Ita\u00fa se reuniu com o banco, nesta quinta-feira (29), na sede da Confedera\u00e7\u00e3o Nacional dos Trabalhadores do Ramo Financeiro (Contraf-CUT), em S\u00e3o Paulo, para dar prosseguimento \u00e0 negocia\u00e7\u00e3o sobre o Programa Completar de Resultados (PCR). Em reuni\u00e3o realizada no dia 8 de novembro, os trabalhadores entregaram uma [&hellip;]<\/p>\n","protected":false},"author":2,"featured_media":5672,"comment_status":"","ping_status":"","sticky":false,"template":"","format":"standard","meta":{"footnotes":""},"categories":[3],"tags":[],"class_list":["post-5673","post","type-post","status-publish","format-standard","has-post-thumbnail","hentry","category-noticias"],"_links":{"self":[{"href":"https:\/\/hostnetart.com.br\/baixada\/wp-json\/wp\/v2\/posts\/5673","targetHints":{"allow":["GET"]}}],"collection":[{"href":"https:\/\/hostnetart.com.br\/baixada\/wp-json\/wp\/v2\/posts"}],"about":[{"href":"https:\/\/hostnetart.com.br\/baixada\/wp-json\/wp\/v2\/types\/post"}],"author":[{"embeddable":true,"href":"https:\/\/hostnetart.com.br\/baixada\/wp-json\/wp\/v2\/users\/2"}],"replies":[{"embeddable":true,"href":"https:\/\/hostnetart.com.br\/baixada\/wp-json\/wp\/v2\/comments?post=5673"}],"version-history":[{"count":0,"href":"https:\/\/hostnetart.com.br\/baixada\/wp-json\/wp\/v2\/posts\/5673\/revisions"}],"wp:featuredmedia":[{"embeddable":true,"href":"https:\/\/hostnetart.com.br\/baixada\/wp-json\/wp\/v2\/media\/5672"}],"wp:attachment":[{"href":"https:\/\/hostnetart.com.br\/baixada\/wp-json\/wp\/v2\/media?parent=5673"}],"wp:term":[{"taxonomy":"category","embeddable":true,"href":"https:\/\/hostnetart.com.br\/baixada\/wp-json\/wp\/v2\/categories?post=5673"},{"taxonomy":"post_tag","embeddable":true,"href":"https:\/\/hostnetart.com.br\/baixada\/wp-json\/wp\/v2\/tags?post=5673"}],"curies":[{"name":"wp","href":"https:\/\/api.w.org\/{rel}","templated":true}]}}