{"id":5671,"date":"2018-11-30T13:21:47","date_gmt":"2018-11-30T15:21:47","guid":{"rendered":"https:\/\/hostnetart.com.br\/baixada\/cresce-numero-de-trabalhadores-sem-direitos-sem-carteira-e-por-conta-propria\/"},"modified":"2018-11-30T13:21:47","modified_gmt":"2018-11-30T15:21:47","slug":"cresce-numero-de-trabalhadores-sem-direitos-sem-carteira-e-por-conta-propria","status":"publish","type":"post","link":"https:\/\/hostnetart.com.br\/baixada\/cresce-numero-de-trabalhadores-sem-direitos-sem-carteira-e-por-conta-propria\/","title":{"rendered":"Cresce n\u00famero de trabalhadores sem direitos &#8211; sem carteira e por conta pr\u00f3pria"},"content":{"rendered":"<div class=\"content\">\n<p>O n\u00famero de trabalhadores e trabalhadoras\u00a0<strong>sem carteira assinada<\/strong>\u00a0ou sendo obrigados a trabalhar\u00a0<strong>por conta pr\u00f3pria,<\/strong>\u00a0um dos legados nefastos da gest\u00e3o do ileg\u00edtimo Michel Temer (MDB-SP) e sua reforma Trabalhista que acabou com 100 itens da CLT, n\u00e3o para de crescer, de acordo com a PNAD Cont\u00ednua, divulgada nesta quinta-feira (29), pelo Instituto Brasileiro de Geografia e Estat\u00edstica (IBGE).<\/p>\n<p>No trimestre encerrado em outubro, mais 534 mil pessoas (4,8%) foram contratadas\u00a0<strong>sem carteira assinada<\/strong>. O total dos sem direitos, ou seja, sem Previd\u00eancia, FGTS, nem INSS, f\u00e9rias ou 13\u00ba, pulou para 11,6 milh\u00f5es de trabalhadores em rela\u00e7\u00e3o ao trimestre de maio a julho deste ano. Em rela\u00e7\u00e3o ao mesmo trimestre de 2017, subiu 5,9% (649 mil pessoas).\u00a0<\/p>\n<p>Por outro lado, o\u00a0n\u00famero de empregados no setor privado com\u00a0<strong>carteira de trabalho assinada &#8211;\u00a0<\/strong>32,9 milh\u00f5es de pessoas &#8211; ficou est\u00e1vel tanto em rela\u00e7\u00e3o ao trimestre anterior quanto ao mesmo trimestre de 2017.<\/p>\n<p>J\u00e1 o n\u00famero dos que tiveram de trabalhar\u00a0<strong>por conta pr\u00f3pria<\/strong>\u00a0aumentou 2,2%, mais 497 mil pessoas na compara\u00e7\u00e3o com o trimestre anterior, e 2,9% (mais 655 mil pessoas) em rela\u00e7\u00e3o ao mesmo trimestre de 2017. Isso significa que, em outubro, 23,6 milh\u00f5es de brasileiros estavam se virando para conseguir renda. Em rela\u00e7\u00e3o ao mesmo trimestre de 2017, o aumento foi de 2,9% (mais 655 mil pessoas).<\/p>\n<p>Segundo a pesquisa,\u00a0<strong>a taxa de desemprego<\/strong>\u00a0foi de 11,7% e a de subutiliza\u00e7\u00e3o 24,1% no trimestre encerrado em outubro de 2018. Isso significa que 12,4 milh\u00f5es de trabalhadores e trabalhadoras est\u00e3o desempregados (menos 517 mil ao trimestre de maio a julho deste ano).<\/p>\n<p>De acordo com os t\u00e9cnicos do IBGE, o que influenciou a leve queda do desemprego no trimestre de julho a outubro foi a cria\u00e7\u00e3o de postos de trabalho durante o per\u00edodo eleitoral.<\/p>\n<p>Mas, isso n\u00e3o foi suficiente para reduzir o total de trabalhadores e trabalhadoras\u00a0<strong>subutilizadas &#8211;<\/strong>\u00a0desempregados, pessoas que gostariam e precisam trabalhar mais e aquelas que desistiram de procurar emprego -, que cresceu 2,6% (mais 696 mil pessoas) em rela\u00e7\u00e3o ao mesmo trimestre de 2017. Em outubro, o Brasil registrou um total de 27,2 milh\u00f5es de trabalhadores e trabalhadoras subutilizados. O n\u00famero ficou est\u00e1vel em rela\u00e7\u00e3o ao trimestre anterior deste ano (27,6 milh\u00f5es).<\/p>\n<p>Entre os subutilizados, o total de\u00a0<strong>pessoas subocupadas por insufici\u00eancia de horas trabalhadas<\/strong>\u00a0(7 milh\u00f5es) aumentou 6,4% (418 mil pessoas) em rela\u00e7\u00e3o ao trimestre anterior.<\/p>\n<p>Quanto aos\u00a0<strong>desalentados<\/strong>\u00a0&#8211; que tamb\u00e9m fazem parte do grupo -, o percentual do trimestre encerrado em outubro ficou est\u00e1vel em rela\u00e7\u00e3o ao trimestre anterior, atingindo 4,7 milh\u00f5es de pessoas, mas subiu 10,6% em rela\u00e7\u00e3o ao mesmo trimestre de 2017.<\/p>\n<p><strong>For\u00e7a de trabalho<\/strong><\/p>\n<p>No trimestre de agosto a outubro de 2018, a PNAD Cont\u00ednua constatou que o total de pessoas ocupadas e desocupadas, que eles classificam como for\u00e7a de trabalho do pa\u00eds, aumentou 0,7% (724 mil pessoas) e passou para 105,3 milh\u00f5es de pessoas. Em compara\u00e7\u00e3o com o trimestre anterior, houve um incremento de 724 mil pessoas (0,7%). Frente ao mesmo trimestre do ano anterior, de 0,9% (acr\u00e9scimo de 967 mil pessoas).<\/p>\n<p>O\u00a0<strong>n\u00famero de pessoas ocupadas<\/strong>\u00a0(92,9 milh\u00f5es) subiu 1,4% em rela\u00e7\u00e3o ao trimestre anterior (mais 1,2 milh\u00e3o de pessoas). Em rela\u00e7\u00e3o ao mesmo trimestre de 2017, houve alta de 1,5% (mais 1,4 milh\u00f5es de pessoas).<\/p>\n<\/div>\n<p id=\"page-author\"><span style=\"text-decoration: underline;\"><em><strong>Fonte: CUT<\/strong><\/em><\/span><\/p>\n","protected":false},"excerpt":{"rendered":"<p>O n\u00famero de trabalhadores e trabalhadoras\u00a0sem carteira assinada\u00a0ou sendo obrigados a trabalhar\u00a0por conta pr\u00f3pria,\u00a0um dos legados nefastos da gest\u00e3o do ileg\u00edtimo Michel Temer (MDB-SP) e sua reforma Trabalhista que acabou com 100 itens da CLT, n\u00e3o para de crescer, de acordo com a PNAD Cont\u00ednua, divulgada nesta quinta-feira (29), pelo Instituto Brasileiro de Geografia e [&hellip;]<\/p>\n","protected":false},"author":2,"featured_media":5670,"comment_status":"","ping_status":"","sticky":false,"template":"","format":"standard","meta":{"footnotes":""},"categories":[3],"tags":[],"class_list":["post-5671","post","type-post","status-publish","format-standard","has-post-thumbnail","hentry","category-noticias"],"_links":{"self":[{"href":"https:\/\/hostnetart.com.br\/baixada\/wp-json\/wp\/v2\/posts\/5671","targetHints":{"allow":["GET"]}}],"collection":[{"href":"https:\/\/hostnetart.com.br\/baixada\/wp-json\/wp\/v2\/posts"}],"about":[{"href":"https:\/\/hostnetart.com.br\/baixada\/wp-json\/wp\/v2\/types\/post"}],"author":[{"embeddable":true,"href":"https:\/\/hostnetart.com.br\/baixada\/wp-json\/wp\/v2\/users\/2"}],"replies":[{"embeddable":true,"href":"https:\/\/hostnetart.com.br\/baixada\/wp-json\/wp\/v2\/comments?post=5671"}],"version-history":[{"count":0,"href":"https:\/\/hostnetart.com.br\/baixada\/wp-json\/wp\/v2\/posts\/5671\/revisions"}],"wp:featuredmedia":[{"embeddable":true,"href":"https:\/\/hostnetart.com.br\/baixada\/wp-json\/wp\/v2\/media\/5670"}],"wp:attachment":[{"href":"https:\/\/hostnetart.com.br\/baixada\/wp-json\/wp\/v2\/media?parent=5671"}],"wp:term":[{"taxonomy":"category","embeddable":true,"href":"https:\/\/hostnetart.com.br\/baixada\/wp-json\/wp\/v2\/categories?post=5671"},{"taxonomy":"post_tag","embeddable":true,"href":"https:\/\/hostnetart.com.br\/baixada\/wp-json\/wp\/v2\/tags?post=5671"}],"curies":[{"name":"wp","href":"https:\/\/api.w.org\/{rel}","templated":true}]}}