{"id":5669,"date":"2018-11-30T13:20:22","date_gmt":"2018-11-30T15:20:22","guid":{"rendered":"https:\/\/hostnetart.com.br\/baixada\/o-que-a-populacao-perde-se-a-privatizacao-do-bb-acontecer\/"},"modified":"2018-11-30T13:20:22","modified_gmt":"2018-11-30T15:20:22","slug":"o-que-a-populacao-perde-se-a-privatizacao-do-bb-acontecer","status":"publish","type":"post","link":"https:\/\/hostnetart.com.br\/baixada\/o-que-a-populacao-perde-se-a-privatizacao-do-bb-acontecer\/","title":{"rendered":"O que a popula\u00e7\u00e3o perde se a privatiza\u00e7\u00e3o do BB acontecer?"},"content":{"rendered":"<div class=\"content\">\n<p>Financiamento habitacional, fundo de garantia, poupan\u00e7a, megasena, PIS. Os brasileiros costumam ter na ponta da l\u00edngua alguns dos servi\u00e7os garantidos pela Caixa Econ\u00f4mica, o banco ainda 100% p\u00fablico e que por essa caracter\u00edstica tem em seu papel central a fun\u00e7\u00e3o social e o aporte \u00e0 infraestrutura do pa\u00eds com taxas de cr\u00e9dito mais baixas que as de mercado dos privados.<\/p>\n<p>S\u00f3 isso j\u00e1 deveria ser motivo para que a popula\u00e7\u00e3o defendesse incondicionalmente que a Caixa continue 100% p\u00fablica, mas a realidade das narrativas constru\u00eddas sobre o banco \u00e9 de esvaziamento no atendimento presencial, demora nas filas, dificuldades de acesso. Mesmo que isso aconte\u00e7a em toda institui\u00e7\u00e3o financeira e que nos bancos p\u00fablicos isso seja causado por um plano do governo de precarizar condi\u00e7\u00f5es de trabalho, enxugar equipes, fechar vagas, extinguir concursos p\u00fablicos.<\/p>\n<p>Esse cen\u00e1rio \u00e9 muito pr\u00f3ximo do que ocorre no Banco do Brasil, que tem economia mista, com a\u00e7\u00f5es vendidas na bolsa de valores (os pr\u00f3prios funcion\u00e1rios, em agosto, receberam uma pequena quantidade de a\u00e7\u00f5es), mas o governo federal \u00e9 seu acionista majorit\u00e1rio, ainda que no limite do controle acion\u00e1rio, com 50,73%.<\/p>\n<p>\u201cPerder o controle acion\u00e1rio do BB ou mesmo reduzir seu papel social \u00e9 entregar a soberania econ\u00f4mica do pa\u00eds ao mercado financeiro. Sabemos da import\u00e2ncia do BB como bra\u00e7o da economia para viabiliza\u00e7\u00e3o de pol\u00edticas sociais. Acredito que abrir m\u00e3o deste lucrativo instrumento \u00e9 entreguismo e submiss\u00e3o ao mercado. Os sindicatos t\u00eam o importante papel de orientar os trabalhadores para resistir e n\u00e3o entregar o pa\u00eds ao mercado financeiro\u201d, alerta a banc\u00e1ria do Banco do Brasil Ana Busato, representante dos trabalhadores do BB no Paran\u00e1 nas negocia\u00e7\u00f5es com o banco. Ana tem forma\u00e7\u00e3o em gest\u00e3o p\u00fablica pela Funda\u00e7\u00e3o Perseu Abramo.<\/p>\n<p>A mais conhecida das pol\u00edticas p\u00fablicas efetivada pelo BB e subsidiada pelo governo federal \u00e9 o financiamento rural, seja do agroneg\u00f3cio, do pequeno e m\u00e9dio produtor ou da agricultura familiar. Mas, o BB n\u00e3o disponibiliza cr\u00e9dito somente para o campo.<\/p>\n<p>Pronaf, Fies, FAT, Proger, Moderagro, Pronamp, PCA, Inovagro, Finame. Essas diversas siglas d\u00e3o a dimens\u00e3o da quantidade de linhas de cr\u00e9dito que s\u00f3 est\u00e3o dispon\u00edveis porque o banco \u00e9 p\u00fablico e porque atendem a popula\u00e7\u00e3o com taxas poss\u00edveis de serem pagas. O BB financia os moradores do Semi\u00e1rido, que vivem na seca por longos per\u00edodos de tempo; custeia o plantio agroflorestal; a agricultura familiar agroecol\u00f3gica, apoia investimentos em inova\u00e7\u00e3o tecnol\u00f3gica atrelada \u00e0 sustentabilidade ambiental; financia a constru\u00e7\u00e3o de armaz\u00e9ns; apoia a recupera\u00e7\u00e3o dos solos, a produ\u00e7\u00e3o da apicultura, aquicultura, avicultura, chinchilicultura, cunicultura, floricultura, fruticultura, horticultura, pesca, ovinocaprinocultura, pecu\u00e1ria leiteira, ranicultura, sericultura e suinocultura; possui uma linha de cr\u00e9dito para as seringueiras; financia a energia renov\u00e1vel; subsidia a\u00e7\u00f5es da Defesa Civil em situa\u00e7\u00f5es de calamidade; auxilia os munic\u00edpios e os estados; tem uma linha de cr\u00e9dito para financiar caminh\u00f5es novos para produtores rurais; financia empreendimentos do Minha Casa, Minha Vida.<\/p>\n<p>Em 2017, a participa\u00e7\u00e3o do BB no financiamento agr\u00edcola correspondeu a 60% entre o cr\u00e9dito disponibilizado entre as institui\u00e7\u00f5es financeiras que atuam no pa\u00eds e essa carteira de cr\u00e9dito rural crescem em abertura de contas acima de contas abertas para pessoas f\u00edsicas e jur\u00eddicas. Isso tamb\u00e9m \u00e9 possibilitado porque o banco est\u00e1 em 99,8% dos munic\u00edpios do pa\u00eds.<\/p>\n<p>De acordo com relat\u00f3rio de gest\u00e3o do governo Michel Temer, referente ao per\u00edodo 2016\/2018 (at\u00e9 outubro), o BB \u201cfez investimentos sociais da ordem de R$ 554,7 milh\u00f5es\u201d, que inclui iniciativas culturais, investimento no esporte, na pesquisa das mudan\u00e7as clim\u00e1ticas, apoio a a\u00e7\u00f5es com crian\u00e7as, adolescentes e idosos.<\/p>\n<p>A privatiza\u00e7\u00e3o do banco bicenten\u00e1rio tem sido ventilada desde antes das elei\u00e7\u00f5es de 2018, quando Paulo Guedes, futuro ministro do presidente eleito Bolsonaro, <strong><ins><a href=\"http:\/\/www.fetecpr.org.br\/paulo-guedes-ministro-da-economia-de-bolsonaro-ja-coloca-preco-para-vender-caixa-e-bb\/\" target=\"_blank\" rel=\"noopener noreferrer\">declarou em entrevista \u00e0 Globo News que realizava estudos para as privatiza\u00e7\u00f5es<\/a><\/ins><\/strong>, divulgando, inclusive, valor de mercado para o BB.<\/p>\n<p>Nesta semana, o futuro presidente do BB nomeado pelo novo governo, o economista Rubem de Freitas Novaes, <strong><ins><a href=\"http:\/\/agenciabrasil.ebc.com.br\/economia\/noticia\/2018-11\/futuro-presidente-do-bb-fala-em-privatizar-o-que-possivel?fbclid=IwAR2iQa6ceoedeXpFBtmC4f8Z0FTH0oBqva8V9YKZwEhkZQDC60me_eWLVHE\" target=\"_blank\" rel=\"noopener noreferrer\">declarou \u00e0 Ag\u00eancia Brasil<\/a><\/ins><\/strong> que \u201ca orienta\u00e7\u00e3o da pr\u00f3xima gest\u00e3o ser\u00e1 a busca por efici\u00eancia, o enxugamento e a privatiza\u00e7\u00e3o de ativos da institui\u00e7\u00e3o\u201d.<\/p>\n<p>O que seria essa efici\u00eancia e enxugamento? Na linguagem econ\u00f4mica, se traduzem em corte de custos com a redu\u00e7\u00e3o do n\u00famero de funcion\u00e1rios e aumento do lucro, que atingiu R$ 9,7 bilh\u00f5es de janeiro a setembro de 2018.<\/p>\n<p>Conforme explica o economista e coordenador estadual do Dieese Pablo Diaz, mestre em Tecnologia e Trabalho pela UTFPR, que \u00e9 funcion\u00e1rio do BB, privatizar ativos significa delegar ao \u201cmercado\u201d a gest\u00e3o. \u201cPor tr\u00e1s do discurso est\u00e1 a desidrata\u00e7\u00e3o do BB. Lembremos que o futuro presidente do BC tem origem num banco privado. Os bancos estatais n\u00e3o poder\u00e3o mais ser usados como freio dos ganhos dos bancos privados\u201d. O dirigente sindical explica, ainda, que essa desestrutura\u00e7\u00e3o \u00e9 continuidade do governo Temer.<\/p>\n<p>Em contrapartida, os funcion\u00e1rios do banco v\u00eam sofrendo com diversos processos de reestrutura\u00e7\u00e3o, desde o in\u00edcio de 2017, que t\u00eam como procedimento padr\u00e3o descomissionamentos e extin\u00e7\u00e3o de cargos de forma unilateral pelo banco, sem negocia\u00e7\u00e3o com os sindicatos de representa\u00e7\u00e3o dos trabalhadores banc\u00e1rios.<\/p>\n<p>Esse detalhe proporciona queda substancial na remunera\u00e7\u00e3o desses trabalhadores, de um dia para o outro, ainda que eles, at\u00e9 o momento, tenham estabilidade no emprego. De acordo com relat\u00f3rio do banco, somente as verbas pessoais, calculadas individualmente, s\u00e3o irredut\u00edveis. E que a varia\u00e7\u00e3o de remunera\u00e7\u00e3o entre funcion\u00e1rios \u00e9 de acordo com fun\u00e7\u00e3o da carreira, do hist\u00f3rico de fun\u00e7\u00f5es\/comiss\u00f5es e da data de posse. E \u00e9 nessas verbas que o banco corta: \u201cAs verbas vinculadas ao exerc\u00edcio de fun\u00e7\u00f5es apresentam valores definidos conforme as atribui\u00e7\u00f5es, n\u00edvel hier\u00e1rquico, complexidade, pra\u00e7a, grupamento e outros fatores vinculados a cada fun\u00e7\u00e3o\/comiss\u00e3o e podem, portanto, ser extintas ou alteradas em qualquer tempo\u201d. A justificativa para isso est\u00e1 ligada \u00e0 concorr\u00eancia de mercado, novo vi\u00e9s estabelecido desde 2016 pelo banco que ainda tem como maior acionista o governo federal, mas que, ainda assim, desligou 9.409 funcion\u00e1rios no \u00faltimo ano pelo Plano Extraordin\u00e1rio de Aposentadoria Incentivada (PEAI).<\/p>\n<p>De acordo com informa\u00e7\u00f5es divulgadas durante <strong><ins><a href=\"http:\/\/www.terrasemmales.com.br\/brasil-a-venda-privatizacao-de-bancos-publicos-aumentara-preco-dos-alimentos-da-moradia-e-dificultara-acesso-ao-credito\/\" target=\"_blank\" rel=\"noopener noreferrer\">audi\u00eancia p\u00fablica<\/a><\/ins><\/strong> realizada na Assembleia Legislativa do Paran\u00e1, em outubro de 2017, em defesa dos bancos p\u00fablicos, juntos, BB e Caixa, naquele ano, eram respons\u00e1veis por 80% de todo o cr\u00e9dito de longo prazo, 70% do financiamento imobili\u00e1rio, 70% do investimento em agricultura familiar, 80% do investimento em saneamento e 56% de todo o cr\u00e9dito ofertado para pessoas f\u00edsicas e jur\u00eddicas no Brasil. Se eles perderem seu car\u00e1ter p\u00fablico, sua fun\u00e7\u00e3o social, para serem mais um banco privado jogado \u00e0 concorr\u00eancia do mercado, quem perde \u00e9 a popula\u00e7\u00e3o.<\/p>\n<\/div>\n<p id=\"page-author\"><strong>Fonte: Fetec-CUT\/PR<\/strong><\/p>\n","protected":false},"excerpt":{"rendered":"<p>Financiamento habitacional, fundo de garantia, poupan\u00e7a, megasena, PIS. Os brasileiros costumam ter na ponta da l\u00edngua alguns dos servi\u00e7os garantidos pela Caixa Econ\u00f4mica, o banco ainda 100% p\u00fablico e que por essa caracter\u00edstica tem em seu papel central a fun\u00e7\u00e3o social e o aporte \u00e0 infraestrutura do pa\u00eds com taxas de cr\u00e9dito mais baixas que [&hellip;]<\/p>\n","protected":false},"author":2,"featured_media":5668,"comment_status":"","ping_status":"","sticky":false,"template":"","format":"standard","meta":{"footnotes":""},"categories":[3],"tags":[],"class_list":["post-5669","post","type-post","status-publish","format-standard","has-post-thumbnail","hentry","category-noticias"],"_links":{"self":[{"href":"https:\/\/hostnetart.com.br\/baixada\/wp-json\/wp\/v2\/posts\/5669","targetHints":{"allow":["GET"]}}],"collection":[{"href":"https:\/\/hostnetart.com.br\/baixada\/wp-json\/wp\/v2\/posts"}],"about":[{"href":"https:\/\/hostnetart.com.br\/baixada\/wp-json\/wp\/v2\/types\/post"}],"author":[{"embeddable":true,"href":"https:\/\/hostnetart.com.br\/baixada\/wp-json\/wp\/v2\/users\/2"}],"replies":[{"embeddable":true,"href":"https:\/\/hostnetart.com.br\/baixada\/wp-json\/wp\/v2\/comments?post=5669"}],"version-history":[{"count":0,"href":"https:\/\/hostnetart.com.br\/baixada\/wp-json\/wp\/v2\/posts\/5669\/revisions"}],"wp:featuredmedia":[{"embeddable":true,"href":"https:\/\/hostnetart.com.br\/baixada\/wp-json\/wp\/v2\/media\/5668"}],"wp:attachment":[{"href":"https:\/\/hostnetart.com.br\/baixada\/wp-json\/wp\/v2\/media?parent=5669"}],"wp:term":[{"taxonomy":"category","embeddable":true,"href":"https:\/\/hostnetart.com.br\/baixada\/wp-json\/wp\/v2\/categories?post=5669"},{"taxonomy":"post_tag","embeddable":true,"href":"https:\/\/hostnetart.com.br\/baixada\/wp-json\/wp\/v2\/tags?post=5669"}],"curies":[{"name":"wp","href":"https:\/\/api.w.org\/{rel}","templated":true}]}}