{"id":5667,"date":"2018-11-29T12:42:08","date_gmt":"2018-11-29T14:42:08","guid":{"rendered":"https:\/\/hostnetart.com.br\/baixada\/queda-da-gasolina-concentrou-renda-e-nao-chegou-ao-consumidor\/"},"modified":"2018-11-29T12:42:08","modified_gmt":"2018-11-29T14:42:08","slug":"queda-da-gasolina-concentrou-renda-e-nao-chegou-ao-consumidor","status":"publish","type":"post","link":"https:\/\/hostnetart.com.br\/baixada\/queda-da-gasolina-concentrou-renda-e-nao-chegou-ao-consumidor\/","title":{"rendered":"Queda da gasolina concentrou renda e n\u00e3o chegou ao consumidor"},"content":{"rendered":"<div>\n<p>As distribuidoras de combust\u00edveis brasileiras ter\u00e3o at\u00e9 15 dias para explicar por que a <strong>redu\u00e7\u00e3o de pre\u00e7os<\/strong> praticada pela Petrobras (nas refinarias), que j\u00e1 acumula 20% este m\u00eas, <strong>n\u00e3o chegou ao bolso dos consumidores<\/strong>.<\/p>\n<p>A \u2018intima\u00e7\u00e3o\u2019 foi feita pela Ag\u00eancia Nacional do Petr\u00f3leo, G\u00e1s Natural e Biocombust\u00edveis, a ANP, e est\u00e1 descrita na mat\u00e9ria da <em>Ag\u00eancia Reuters<\/em>, publicada na <em>Folha de S. Paulo<\/em>, desta quarta<span class=\"text_exposed_show\">-feira, dia 28.<\/span><\/p>\n<p><span class=\"text_exposed_show\">A principal distribuidora \u00e9 a BR, com 24,14% do mercado e controlada pela pr\u00f3pria Petrobras, al\u00e9m da Ra\u00edzen, controlada pela Cosan e Shell, e a Ipiranga, do Grupo Ultra.<\/span><\/p>\n<p><span class=\"text_exposed_show\">J\u00e1 os postos de gasolina est\u00e3o pulverizados em milhares de revendas pelo Brasil. <\/span><\/p>\n<p><span class=\"text_exposed_show\">A redu\u00e7\u00e3o de pre\u00e7o s\u00f3 foi poss\u00edvel com a decis\u00e3o do governo, pressionado pela greve dos caminhoneiros, de ampliar a produ\u00e7\u00e3o nas refinarias da Petrobras e, mesmo assim, n\u00e3o teve nenhum benef\u00edcio para a popula\u00e7\u00e3o, ao contr\u00e1rio, ampliou o lucro dos postos de combust\u00edveis e das distribuidoras. Resultado: mais concentra\u00e7\u00e3o de renda.<\/span><\/p>\n<p><span class=\"text_exposed_show\">A pergunta \u00e9: se mesmo tendo a Petrobras participa\u00e7\u00e3o e poder de decis\u00e3o sobre as refinarias e sobre a BR Distribuidora, o mercado faz o que bem entende dos pre\u00e7os dos combust\u00edveis no Pa\u00eds, como ser\u00e1 se a Petrobras for privatizada? Ser\u00e1 entregar o ouro para o bandido, como diz o ditado popular.<\/span><\/p>\n<p><span class=\"text_exposed_show\">O aumento da produtividade, obtido com os novos campos do Pr\u00e9-Sal, deveria representar ganhos para os trabalhadores e trabalhadoras do setor de petr\u00f3leo e para os consumidores brasileiros, mas n\u00e3o \u00e9 isso que est\u00e1 sendo verificado pela pr\u00f3pria ANP.<\/span><\/p>\n<p><span class=\"text_exposed_show\">O que t\u00eam ocorrido, no Brasil p\u00f3s-2016, s\u00e3o repetidas medidas em v\u00e1rias \u00e1reas que se tornaram ainda mais concentradoras da renda e esse deve ser o principal foco de luta, que a popula\u00e7\u00e3o brasileira, por meio de suas inst\u00e2ncias de organiza\u00e7\u00e3o deve combater sem tr\u00e9guas. <\/span><\/p>\n<p><em><span class=\"text_exposed_show discreet\">*Rafael Marques \u00e9 presidente do Instituto Trabalho, Ind\u00fastria e Desenvolvimento, o TID-Brasil e ex-presidente do Sindicato dos Metal\u00fargicos do ABC.<\/span><\/em><\/p>\n<\/div>\n","protected":false},"excerpt":{"rendered":"<p>As distribuidoras de combust\u00edveis brasileiras ter\u00e3o at\u00e9 15 dias para explicar por que a redu\u00e7\u00e3o de pre\u00e7os praticada pela Petrobras (nas refinarias), que j\u00e1 acumula 20% este m\u00eas, n\u00e3o chegou ao bolso dos consumidores. A \u2018intima\u00e7\u00e3o\u2019 foi feita pela Ag\u00eancia Nacional do Petr\u00f3leo, G\u00e1s Natural e Biocombust\u00edveis, a ANP, e est\u00e1 descrita na mat\u00e9ria da [&hellip;]<\/p>\n","protected":false},"author":2,"featured_media":5666,"comment_status":"","ping_status":"","sticky":false,"template":"","format":"standard","meta":{"footnotes":""},"categories":[3],"tags":[],"class_list":["post-5667","post","type-post","status-publish","format-standard","has-post-thumbnail","hentry","category-noticias"],"_links":{"self":[{"href":"https:\/\/hostnetart.com.br\/baixada\/wp-json\/wp\/v2\/posts\/5667","targetHints":{"allow":["GET"]}}],"collection":[{"href":"https:\/\/hostnetart.com.br\/baixada\/wp-json\/wp\/v2\/posts"}],"about":[{"href":"https:\/\/hostnetart.com.br\/baixada\/wp-json\/wp\/v2\/types\/post"}],"author":[{"embeddable":true,"href":"https:\/\/hostnetart.com.br\/baixada\/wp-json\/wp\/v2\/users\/2"}],"replies":[{"embeddable":true,"href":"https:\/\/hostnetart.com.br\/baixada\/wp-json\/wp\/v2\/comments?post=5667"}],"version-history":[{"count":0,"href":"https:\/\/hostnetart.com.br\/baixada\/wp-json\/wp\/v2\/posts\/5667\/revisions"}],"wp:featuredmedia":[{"embeddable":true,"href":"https:\/\/hostnetart.com.br\/baixada\/wp-json\/wp\/v2\/media\/5666"}],"wp:attachment":[{"href":"https:\/\/hostnetart.com.br\/baixada\/wp-json\/wp\/v2\/media?parent=5667"}],"wp:term":[{"taxonomy":"category","embeddable":true,"href":"https:\/\/hostnetart.com.br\/baixada\/wp-json\/wp\/v2\/categories?post=5667"},{"taxonomy":"post_tag","embeddable":true,"href":"https:\/\/hostnetart.com.br\/baixada\/wp-json\/wp\/v2\/tags?post=5667"}],"curies":[{"name":"wp","href":"https:\/\/api.w.org\/{rel}","templated":true}]}}