{"id":5665,"date":"2018-11-29T12:41:06","date_gmt":"2018-11-29T14:41:06","guid":{"rendered":"https:\/\/hostnetart.com.br\/baixada\/contraf-cut-e-banco-do-brasil-renovam-acordo-de-ccv\/"},"modified":"2018-11-29T12:41:06","modified_gmt":"2018-11-29T14:41:06","slug":"contraf-cut-e-banco-do-brasil-renovam-acordo-de-ccv","status":"publish","type":"post","link":"https:\/\/hostnetart.com.br\/baixada\/contraf-cut-e-banco-do-brasil-renovam-acordo-de-ccv\/","title":{"rendered":"Contraf-CUT e Banco do Brasil renovam acordo de CCV"},"content":{"rendered":"<div class=\"content\">\n<p>A Confedera\u00e7\u00e3o Nacional dos Trabalhadores do Ramo Financeiro (Contraf-CUT) assinou na quarta-feira (28) a renova\u00e7\u00e3o do acordo de Comiss\u00e3o de Concilia\u00e7\u00e3o Volunt\u00e1ria (CCV) com o Banco do Brasil, que permite aos banc\u00e1rios e banc\u00e1rias fazerem acordos extrajudiciais sobre quest\u00f5es das rela\u00e7\u00f5es de trabalho, antes de se tornarem demandas judiciais.<\/p>\n<p>O principal p\u00fablico da CCV s\u00e3o os funcion\u00e1rios que est\u00e3o em cargos que podem ser com jornada de seis horas, como assistentes e assessores.<\/p>\n<p>Para a presidenta da Contraf-CUT, Juvandia Moreira, a renova\u00e7\u00e3o do acordo era uma demanda dos funcion\u00e1rios. \u201cD\u00e1 mais tempo e possibilidade para aquelas pessoas que ainda n\u00e3o aderiram aos cargos de seis horas. A renova\u00e7\u00e3o tamb\u00e9m acaba com boatos e especula\u00e7\u00f5es sobre a n\u00e3o renova\u00e7\u00e3o\u201d, disse.<\/p>\n<p>Segundo Wagner Nascimento, coordenador da Comiss\u00e3o de Empresa dos Funcion\u00e1rios do Banco do Brasil, \u201co acordo assinado pela Contraf-CUT, que mant\u00e9m os par\u00e2metros do acordo anterior, \u00e9 o que se chama de \u2018acordo guarda-chuva\u2019 e que propicia aos sindicatos a ades\u00e3o e a instala\u00e7\u00e3o da CCV em cada localidade.<\/p>\n<p>Com a assinatura, os acordos de CCV poder\u00e3o ser feitos at\u00e9 dezembro de 2020.<\/p>\n<\/div>\n<p id=\"page-author\"><strong>Fonte: Contraf-CUT<\/strong><\/p>\n","protected":false},"excerpt":{"rendered":"<p>A Confedera\u00e7\u00e3o Nacional dos Trabalhadores do Ramo Financeiro (Contraf-CUT) assinou na quarta-feira (28) a renova\u00e7\u00e3o do acordo de Comiss\u00e3o de Concilia\u00e7\u00e3o Volunt\u00e1ria (CCV) com o Banco do Brasil, que permite aos banc\u00e1rios e banc\u00e1rias fazerem acordos extrajudiciais sobre quest\u00f5es das rela\u00e7\u00f5es de trabalho, antes de se tornarem demandas judiciais. O principal p\u00fablico da CCV s\u00e3o [&hellip;]<\/p>\n","protected":false},"author":2,"featured_media":5664,"comment_status":"","ping_status":"","sticky":false,"template":"","format":"standard","meta":{"footnotes":""},"categories":[3],"tags":[],"class_list":["post-5665","post","type-post","status-publish","format-standard","has-post-thumbnail","hentry","category-noticias"],"_links":{"self":[{"href":"https:\/\/hostnetart.com.br\/baixada\/wp-json\/wp\/v2\/posts\/5665","targetHints":{"allow":["GET"]}}],"collection":[{"href":"https:\/\/hostnetart.com.br\/baixada\/wp-json\/wp\/v2\/posts"}],"about":[{"href":"https:\/\/hostnetart.com.br\/baixada\/wp-json\/wp\/v2\/types\/post"}],"author":[{"embeddable":true,"href":"https:\/\/hostnetart.com.br\/baixada\/wp-json\/wp\/v2\/users\/2"}],"replies":[{"embeddable":true,"href":"https:\/\/hostnetart.com.br\/baixada\/wp-json\/wp\/v2\/comments?post=5665"}],"version-history":[{"count":0,"href":"https:\/\/hostnetart.com.br\/baixada\/wp-json\/wp\/v2\/posts\/5665\/revisions"}],"wp:featuredmedia":[{"embeddable":true,"href":"https:\/\/hostnetart.com.br\/baixada\/wp-json\/wp\/v2\/media\/5664"}],"wp:attachment":[{"href":"https:\/\/hostnetart.com.br\/baixada\/wp-json\/wp\/v2\/media?parent=5665"}],"wp:term":[{"taxonomy":"category","embeddable":true,"href":"https:\/\/hostnetart.com.br\/baixada\/wp-json\/wp\/v2\/categories?post=5665"},{"taxonomy":"post_tag","embeddable":true,"href":"https:\/\/hostnetart.com.br\/baixada\/wp-json\/wp\/v2\/tags?post=5665"}],"curies":[{"name":"wp","href":"https:\/\/api.w.org\/{rel}","templated":true}]}}