{"id":5663,"date":"2018-11-29T12:39:58","date_gmt":"2018-11-29T14:39:58","guid":{"rendered":"https:\/\/hostnetart.com.br\/baixada\/coe-itau-volta-a-se-reunir-com-o-banco-para-renovacao-da-pcr-2019-2020\/"},"modified":"2018-11-29T12:39:58","modified_gmt":"2018-11-29T14:39:58","slug":"coe-itau-volta-a-se-reunir-com-o-banco-para-renovacao-da-pcr-2019-2020","status":"publish","type":"post","link":"https:\/\/hostnetart.com.br\/baixada\/coe-itau-volta-a-se-reunir-com-o-banco-para-renovacao-da-pcr-2019-2020\/","title":{"rendered":"COE Ita\u00fa volta a se reunir com o banco para renova\u00e7\u00e3o da PCR 2019\/2020"},"content":{"rendered":"<div class=\"content\">\n<p>A Comiss\u00e3o de Organiza\u00e7\u00e3o dos Empregados (COE) do Ita\u00fa se re\u00fane com a dire\u00e7\u00e3o do banco, nesta quinta-feira (29), para continuar as negocia\u00e7\u00f5es sobre a renova\u00e7\u00e3o do Programa Complementar de Resultados (PCR), espec\u00edfico do banco, para 2019\/2020.<\/p>\n<p>No <a href=\"http:\/\/www.contrafcut.org.br\/noticias\/itau-ja-esta-com-proposta-de-renovacao-do-pcr-f38f\">\u00faltimo encontro<\/a>, os representantes dos trabalhadores apresentaram ao banco uma proposta.<\/p>\n<p>Nesta quarta-feira (28), a COE se reuniu na sede da Contraf-CUT, em S\u00e3o Paulo, para a reuni\u00e3o preparat\u00f3ria.<\/p>\n<\/div>\n<p id=\"page-author\"><strong>Fonte: Contraf-CUT<\/strong><\/p>\n","protected":false},"excerpt":{"rendered":"<p>A Comiss\u00e3o de Organiza\u00e7\u00e3o dos Empregados (COE) do Ita\u00fa se re\u00fane com a dire\u00e7\u00e3o do banco, nesta quinta-feira (29), para continuar as negocia\u00e7\u00f5es sobre a renova\u00e7\u00e3o do Programa Complementar de Resultados (PCR), espec\u00edfico do banco, para 2019\/2020. No \u00faltimo encontro, os representantes dos trabalhadores apresentaram ao banco uma proposta. Nesta quarta-feira (28), a COE se [&hellip;]<\/p>\n","protected":false},"author":2,"featured_media":5662,"comment_status":"","ping_status":"","sticky":false,"template":"","format":"standard","meta":{"footnotes":""},"categories":[3],"tags":[],"class_list":["post-5663","post","type-post","status-publish","format-standard","has-post-thumbnail","hentry","category-noticias"],"_links":{"self":[{"href":"https:\/\/hostnetart.com.br\/baixada\/wp-json\/wp\/v2\/posts\/5663","targetHints":{"allow":["GET"]}}],"collection":[{"href":"https:\/\/hostnetart.com.br\/baixada\/wp-json\/wp\/v2\/posts"}],"about":[{"href":"https:\/\/hostnetart.com.br\/baixada\/wp-json\/wp\/v2\/types\/post"}],"author":[{"embeddable":true,"href":"https:\/\/hostnetart.com.br\/baixada\/wp-json\/wp\/v2\/users\/2"}],"replies":[{"embeddable":true,"href":"https:\/\/hostnetart.com.br\/baixada\/wp-json\/wp\/v2\/comments?post=5663"}],"version-history":[{"count":0,"href":"https:\/\/hostnetart.com.br\/baixada\/wp-json\/wp\/v2\/posts\/5663\/revisions"}],"wp:featuredmedia":[{"embeddable":true,"href":"https:\/\/hostnetart.com.br\/baixada\/wp-json\/wp\/v2\/media\/5662"}],"wp:attachment":[{"href":"https:\/\/hostnetart.com.br\/baixada\/wp-json\/wp\/v2\/media?parent=5663"}],"wp:term":[{"taxonomy":"category","embeddable":true,"href":"https:\/\/hostnetart.com.br\/baixada\/wp-json\/wp\/v2\/categories?post=5663"},{"taxonomy":"post_tag","embeddable":true,"href":"https:\/\/hostnetart.com.br\/baixada\/wp-json\/wp\/v2\/tags?post=5663"}],"curies":[{"name":"wp","href":"https:\/\/api.w.org\/{rel}","templated":true}]}}