{"id":5661,"date":"2018-11-28T18:04:43","date_gmt":"2018-11-28T20:04:43","guid":{"rendered":"https:\/\/hostnetart.com.br\/baixada\/crise-afeta-saude-mental-e-eleva-numero-de-pedidos-de-afastamento-do-trabalho\/"},"modified":"2018-11-28T18:04:43","modified_gmt":"2018-11-28T20:04:43","slug":"crise-afeta-saude-mental-e-eleva-numero-de-pedidos-de-afastamento-do-trabalho","status":"publish","type":"post","link":"https:\/\/hostnetart.com.br\/baixada\/crise-afeta-saude-mental-e-eleva-numero-de-pedidos-de-afastamento-do-trabalho\/","title":{"rendered":"Crise afeta sa\u00fade mental e eleva n\u00famero de pedidos de afastamento do trabalho"},"content":{"rendered":"<p class=\" \">O n\u00famero de afastamentos do mercado de trabalho em decorr\u00eancia de doen\u00e7as psicossociais tem aumentado, de acordo com dados do Instituto Nacional do Seguro Social (INSS) reportados ao jornal\u00a0<a class=\"external-link\" title=\"\" href=\"https:\/\/www1.folha.uol.com.br\/mercado\/2018\/11\/crise-no-emprego-eleva-em-14-milhao-o-numero-de-consultas-psiquiatricas.shtml\" target=\"_blank\" rel=\"noopener noreferrer\">Folha de S. Paulo<\/a>. S\u00f3 nos primeiros noves meses deste ano, foram concedidas 8.015 licen\u00e7as para tratamento de transtorno mentais e comportamentais adquiridos no ambiente do trabalho, um crescimento de 12% em rela\u00e7\u00e3o a 2017.<\/p>\n<p class=\" \">Em sua an\u00e1lise para a jornalista Marilu Caba\u00f1as, da\u00a0<b>R\u00e1dio Brasil Atual<\/b>, o diretor t\u00e9cnico do Dieese, Clemente Ganz L\u00facio, indicou a alta da ocorr\u00eancia de doen\u00e7as mentais como um resultado direto da crise econ\u00f4mica, do desemprego em alta, e tamb\u00e9m dos impactos do uso intensivo de tecnologia no trabalho cotidiano.<\/p>\n<p class=\" \">&#8220;As pessoas vivem uma situa\u00e7\u00e3o ocupacional onde o estresse, a ansiedade e o medo t\u00eam afetado gravemente as condi\u00e7\u00f5es de sa\u00fade dos trabalhadores&#8221;, afirmou Clemente, apontando para um aumento no n\u00famero de consultas psiqui\u00e1tricas cobertas pela Ag\u00eancia Nacional de Sa\u00fade Suplementar (ANS), que passou de 2,9 milh\u00f5es para 4,5 milh\u00f5es anuais entre 2012 e 2017. &#8220;Novos problemas que afetam gravemente as condi\u00e7\u00f5es de trabalho mundo afora e tamb\u00e9m no Brasil&#8221;, lamentou o diretor t\u00e9cnico.<\/p>\n<p class=\" \">Ou\u00e7a a entrevista na \u00edntegra:\u00a0https:\/\/soundcloud.com\/redebrasilatual\/crise-no-emprego-eleva-em-16-milhao-o-numero-de-consultas-psiquiatricas<\/p>\n<p>\u00a0<\/p>\n<p><strong><span style=\"text-decoration: underline;\">Fonte: Rede Brasil Atual<\/span><\/strong><\/p>\n","protected":false},"excerpt":{"rendered":"<p>O n\u00famero de afastamentos do mercado de trabalho em decorr\u00eancia de doen\u00e7as psicossociais tem aumentado, de acordo com dados do Instituto Nacional do Seguro Social (INSS) reportados ao jornal\u00a0Folha de S. Paulo. S\u00f3 nos primeiros noves meses deste ano, foram concedidas 8.015 licen\u00e7as para tratamento de transtorno mentais e comportamentais adquiridos no ambiente do trabalho, [&hellip;]<\/p>\n","protected":false},"author":2,"featured_media":5660,"comment_status":"","ping_status":"","sticky":false,"template":"","format":"standard","meta":{"footnotes":""},"categories":[3],"tags":[],"class_list":["post-5661","post","type-post","status-publish","format-standard","has-post-thumbnail","hentry","category-noticias"],"_links":{"self":[{"href":"https:\/\/hostnetart.com.br\/baixada\/wp-json\/wp\/v2\/posts\/5661","targetHints":{"allow":["GET"]}}],"collection":[{"href":"https:\/\/hostnetart.com.br\/baixada\/wp-json\/wp\/v2\/posts"}],"about":[{"href":"https:\/\/hostnetart.com.br\/baixada\/wp-json\/wp\/v2\/types\/post"}],"author":[{"embeddable":true,"href":"https:\/\/hostnetart.com.br\/baixada\/wp-json\/wp\/v2\/users\/2"}],"replies":[{"embeddable":true,"href":"https:\/\/hostnetart.com.br\/baixada\/wp-json\/wp\/v2\/comments?post=5661"}],"version-history":[{"count":0,"href":"https:\/\/hostnetart.com.br\/baixada\/wp-json\/wp\/v2\/posts\/5661\/revisions"}],"wp:featuredmedia":[{"embeddable":true,"href":"https:\/\/hostnetart.com.br\/baixada\/wp-json\/wp\/v2\/media\/5660"}],"wp:attachment":[{"href":"https:\/\/hostnetart.com.br\/baixada\/wp-json\/wp\/v2\/media?parent=5661"}],"wp:term":[{"taxonomy":"category","embeddable":true,"href":"https:\/\/hostnetart.com.br\/baixada\/wp-json\/wp\/v2\/categories?post=5661"},{"taxonomy":"post_tag","embeddable":true,"href":"https:\/\/hostnetart.com.br\/baixada\/wp-json\/wp\/v2\/tags?post=5661"}],"curies":[{"name":"wp","href":"https:\/\/api.w.org\/{rel}","templated":true}]}}