{"id":5659,"date":"2018-11-28T14:06:28","date_gmt":"2018-11-28T16:06:28","guid":{"rendered":"https:\/\/hostnetart.com.br\/baixada\/49-dos-homens-nunca-fizeram-exame-preventivo-do-cancer-de-prostata\/"},"modified":"2018-11-28T14:06:28","modified_gmt":"2018-11-28T16:06:28","slug":"49-dos-homens-nunca-fizeram-exame-preventivo-do-cancer-de-prostata","status":"publish","type":"post","link":"https:\/\/hostnetart.com.br\/baixada\/49-dos-homens-nunca-fizeram-exame-preventivo-do-cancer-de-prostata\/","title":{"rendered":"49% dos homens nunca fizeram exame preventivo do c\u00e2ncer de pr\u00f3stata"},"content":{"rendered":"<p class=\" \">Uma pesquisa da Sociedade Brasileira de Geriatria e Gerontologia (SBGG) apontou que 49% dos brasileiros com mais de 45 anos nunca fizeram o exame de toque retal que pode detectar o\u00a0<a class=\"internal-link\" title=\"\" href=\"https:\/\/www.redebrasilatual.com.br\/saude\/2015\/11\/campanha-novembro-azul-alerta-para-prevencao-do-cancer-de-prostata-2090.html\" target=\"_blank\" rel=\"noopener noreferrer\">c\u00e2ncer de pr\u00f3stata<\/a>. A doen\u00e7a \u00e9 hoje a segunda maior causa de morte em pessoas do sexo masculino, depois do c\u00e2ncer de pulm\u00e3o, e deve, de acordo com estimativas do Instituto Nacional do C\u00e2ncer (Inca), registrar ainda neste ano mais de 68 mil novos casos.<\/p>\n<p class=\" \">Segundo o estudo, realizado com 2.400 homens, na maioria dos casos as pessoas justificaram que o m\u00e9dico nunca havia pedido o exame, que achavam pouco &#8220;m\u00e1sculo&#8221; e n\u00e3o gostavam ou que n\u00e3o tinham sintomas ou idade para realizar. Para o m\u00e9dico Pedro Jans, a resist\u00eancia ao exame mostra preconceito e medo, e impede um tratamento eficaz.<\/p>\n<p class=\" \">&#8220;\u00c9 s\u00f3 um exame comum que a gente deve fazer e com certeza a preven\u00e7\u00e3o vai acarretar em um diagn\u00f3stico muito antes e com um tratamento bem melhor para o paciente. \u00c0s vezes \u00e9 s\u00f3 acompanhamento, nem precisa de um tratamento t\u00e3o agressivo&#8221;, explica Jans \u00e0 rep\u00f3rter Nath\u00e1lia Carvalho, da TV Po\u00e7os, no\u00a0<i>Seu Jornal<\/i>, da\u00a0<b>TVT<\/b>.<\/p>\n<p class=\" \">Em meio \u00e0s campanhas do Novembro Azul, para conscientizar os homens sobre doen\u00e7as que possam afet\u00e1-los, o Inca promoveu nesta ter\u00e7a-feira (27), no Rio de Janeiro (RJ), a a\u00e7\u00e3o &#8220;Educar para prevenir&#8221; para mostrar, com apoio em materiais informativos para a popula\u00e7\u00e3o em geral, que o diagn\u00f3stico precoce pode combater diversas doen\u00e7as. O evento marcou tamb\u00e9m o Dia Nacional do Combate ao C\u00e2ncer.<\/p>\n<h3><b>Assista \u00e0s reportagens do<em>\u00a0Seu Jornal:\u00a0<a href=\"https:\/\/www.youtube.com\/watch?v=Rj6RC2RumDc\">https:\/\/www.youtube.com\/watch?v=Rj6RC2RumDc<\/a><\/em><\/b><\/h3>\n<p>\u00a0<\/p>\n<p><span style=\"text-decoration: underline;\"><b><em>Fonte: Rede Brasil Atual<\/em><\/b><\/span><\/p>\n","protected":false},"excerpt":{"rendered":"<p>Uma pesquisa da Sociedade Brasileira de Geriatria e Gerontologia (SBGG) apontou que 49% dos brasileiros com mais de 45 anos nunca fizeram o exame de toque retal que pode detectar o\u00a0c\u00e2ncer de pr\u00f3stata. A doen\u00e7a \u00e9 hoje a segunda maior causa de morte em pessoas do sexo masculino, depois do c\u00e2ncer de pulm\u00e3o, e deve, [&hellip;]<\/p>\n","protected":false},"author":2,"featured_media":5658,"comment_status":"","ping_status":"","sticky":false,"template":"","format":"standard","meta":{"footnotes":""},"categories":[3],"tags":[],"class_list":["post-5659","post","type-post","status-publish","format-standard","has-post-thumbnail","hentry","category-noticias"],"_links":{"self":[{"href":"https:\/\/hostnetart.com.br\/baixada\/wp-json\/wp\/v2\/posts\/5659","targetHints":{"allow":["GET"]}}],"collection":[{"href":"https:\/\/hostnetart.com.br\/baixada\/wp-json\/wp\/v2\/posts"}],"about":[{"href":"https:\/\/hostnetart.com.br\/baixada\/wp-json\/wp\/v2\/types\/post"}],"author":[{"embeddable":true,"href":"https:\/\/hostnetart.com.br\/baixada\/wp-json\/wp\/v2\/users\/2"}],"replies":[{"embeddable":true,"href":"https:\/\/hostnetart.com.br\/baixada\/wp-json\/wp\/v2\/comments?post=5659"}],"version-history":[{"count":0,"href":"https:\/\/hostnetart.com.br\/baixada\/wp-json\/wp\/v2\/posts\/5659\/revisions"}],"wp:featuredmedia":[{"embeddable":true,"href":"https:\/\/hostnetart.com.br\/baixada\/wp-json\/wp\/v2\/media\/5658"}],"wp:attachment":[{"href":"https:\/\/hostnetart.com.br\/baixada\/wp-json\/wp\/v2\/media?parent=5659"}],"wp:term":[{"taxonomy":"category","embeddable":true,"href":"https:\/\/hostnetart.com.br\/baixada\/wp-json\/wp\/v2\/categories?post=5659"},{"taxonomy":"post_tag","embeddable":true,"href":"https:\/\/hostnetart.com.br\/baixada\/wp-json\/wp\/v2\/tags?post=5659"}],"curies":[{"name":"wp","href":"https:\/\/api.w.org\/{rel}","templated":true}]}}