{"id":5657,"date":"2018-11-28T13:15:35","date_gmt":"2018-11-28T15:15:35","guid":{"rendered":"https:\/\/hostnetart.com.br\/baixada\/contraf-cut-se-reune-com-bancarios-do-bb-do-paraguai\/"},"modified":"2018-11-28T13:15:35","modified_gmt":"2018-11-28T15:15:35","slug":"contraf-cut-se-reune-com-bancarios-do-bb-do-paraguai","status":"publish","type":"post","link":"https:\/\/hostnetart.com.br\/baixada\/contraf-cut-se-reune-com-bancarios-do-bb-do-paraguai\/","title":{"rendered":"Contraf-CUT se re\u00fane com banc\u00e1rios do BB do Paraguai"},"content":{"rendered":"<div class=\"content\">\n<p>A Comiss\u00e3o de Empresa dos Funcion\u00e1rios do Banco do Brasil (CEBB), \u00f3rg\u00e3o auxiliar da Confedera\u00e7\u00e3o Nacional dos Trabalhadores do Ramo Financeiro (Contraf-CUT) da rela\u00e7\u00e3o com os funcion\u00e1rios e com o banco, se reuniu no dia 21 de novembro com os banc\u00e1rios da ag\u00eancia do Banco do Brasil em Assun\u00e7\u00e3o, capital do Paraguai. O objetivo foi o de ressaltar a import\u00e2ncia da organiza\u00e7\u00e3o dos trabalhadores do BB nos diversos pa\u00edses onde o banco atua.<\/p>\n<p>No Paraguai as banc\u00e1rias e banc\u00e1rios s\u00e3o organizados por empresa e o sindicato \u00e9 espec\u00edfico dos funcion\u00e1rios do BB. O banco atua no pa\u00eds com foco no atendimento a empresas de m\u00e9dio e grande porte e conta com mais de 30 funcion\u00e1rios, sendo que v\u00e1rios deles tem mais de 20 anos de banco.<\/p>\n<p>Com a sa\u00edda de alguns funcion\u00e1rios, a Rede Sindical Internacional do BB prop\u00f4s uma reuni\u00e3o no Paraguai para incentivar mais banc\u00e1rios a se juntarem ao sindicato local.<\/p>\n<p>Na reuni\u00e3o, foi proposto que a Comiss\u00e3o de Empresa levasse ao Brasil a necessidade de maior intera\u00e7\u00e3o entre os funcion\u00e1rios dos diversos pa\u00edses e o acesso a programas do banco existentes no Brasil, como, por exemplo, os cursos e treinamentos da universidade corporativa do BB. Outro ponto que j\u00e1 consta da pauta de reivindica\u00e7\u00f5es do Brasil \u00e9 o pagamento da PLR a todos os funcion\u00e1rios do Paraguai.<\/p>\n<p>Para o coordenador da CEBB, Wagner Nascimento, o fortalecimento do sindicato no Paraguai \u00e9 importante para a manuten\u00e7\u00e3o das rela\u00e7\u00f5es de trabalho e dos direitos assegurados no acordo coletivo. \u201cQuanto mais banc\u00e1rias e banc\u00e1rios se filiarem ao sindicato local, melhor ser\u00e1 para cada um deles e para o conjunto\u201d, disse.<\/p>\n<p>\u201cAp\u00f3s a visita ao Paraguai, encaminhamos ao Banco do Brasil as reivindica\u00e7\u00f5es do pessoal do Paraguai\u201d, informou Wagner Nascimento, que tamb\u00e9m coordena a Rede Sindical Internacional do BB.<\/p>\n<p><a class=\"has-subtitle img\" title=\"\" href=\"http:\/\/admin.contrafcut.com.br\/system\/uploads\/ck\/images\/Foto-Agencia-BB_Paraguai-21112018-3%20(2).jpeg\" data-lightbox=\"lightbox\" data-title=\"\"><img decoding=\"async\" src=\"http:\/\/www.contrafcut.org.br\/images\/_eac5d21f14e6c2c6f5c2622cb9b446eb.jpeg\" alt=\"\" \/><\/a><\/p>\n<p>\u201cA representa\u00e7\u00e3o sindical no Brasil \u00e9 bastante forte e organizada. Conquistamos muitos direitos por meio de lutas intensas no decorrer de nossa hist\u00f3ria. Tanto no que diz respeito \u00e0 categoria como um todo, quanto em rela\u00e7\u00e3o a direitos espec\u00edficos em cada um dos bancos, como \u00e9 o caso do BB\u201d, destacou o secret\u00e1rio de Rela\u00e7\u00f5es Internacionais da Contraf-CUT, Roberto von der Osten, que tamb\u00e9m participou da reuni\u00e3o. \u201cMuitos destes direitos podem ser transpostos para banc\u00e1rios de outros pa\u00edses. Por isso \u00e9 importante a integra\u00e7\u00e3o com os funcion\u00e1rios n\u00e3o apenas de Assun\u00e7\u00e3o, mas de todo mundo\u201d, completou.<\/p>\n<p>Para a representante da Federa\u00e7\u00e3o dos Trabalhadores do Ramo Financeiro do Rio Grande do Sul (Fetrafi-RS), Cris Santos, que integrou a delega\u00e7\u00e3o do Brasil, a visita aos colegas paraguaios foi um primeiro passo no caminho de um processo de interc\u00e2mbio de experi\u00eancias entre os trabalhadores do Banco do Brasil espalhados pelo mundo e em especial pela Am\u00e9rica Latina.<\/p>\n<p>\u201cNa chegada j\u00e1 nos sentimos em casa, pela recep\u00e7\u00e3o dos colegas e pelo ambiente, t\u00e3o familiar a todos n\u00f3s. Fica a certeza de que quanto mais unidos estivermos, mais fortalecidos estaremos para enfrentar os desafios que nos forem colocados\u201d, disse.<\/p>\n<p><strong>Hist\u00f3ria<\/strong><br \/>Nas instala\u00e7\u00f5es da nova ag\u00eancia Corporate do BB est\u00e3o preservados documentos e objetos hist\u00f3ricos do BB no Paraguai, como fotos da inaugura\u00e7\u00e3o da primeira ag\u00eancia naquele pa\u00eds e o livro caixa da ag\u00eancia, de 1941. A ag\u00eancia do Banco do Brasil em Assun\u00e7\u00e3o, inaugurada em 1941, foi a primeira ag\u00eancia de um banco brasileiro no exterior.<\/p>\n<\/div>\n<p id=\"page-author\"><span style=\"text-decoration: underline;\"><strong>Fonte: Contraf-CUT<\/strong><\/span><\/p>\n","protected":false},"excerpt":{"rendered":"<p>A Comiss\u00e3o de Empresa dos Funcion\u00e1rios do Banco do Brasil (CEBB), \u00f3rg\u00e3o auxiliar da Confedera\u00e7\u00e3o Nacional dos Trabalhadores do Ramo Financeiro (Contraf-CUT) da rela\u00e7\u00e3o com os funcion\u00e1rios e com o banco, se reuniu no dia 21 de novembro com os banc\u00e1rios da ag\u00eancia do Banco do Brasil em Assun\u00e7\u00e3o, capital do Paraguai. O objetivo foi [&hellip;]<\/p>\n","protected":false},"author":2,"featured_media":5656,"comment_status":"","ping_status":"","sticky":false,"template":"","format":"standard","meta":{"footnotes":""},"categories":[3],"tags":[],"class_list":["post-5657","post","type-post","status-publish","format-standard","has-post-thumbnail","hentry","category-noticias"],"_links":{"self":[{"href":"https:\/\/hostnetart.com.br\/baixada\/wp-json\/wp\/v2\/posts\/5657","targetHints":{"allow":["GET"]}}],"collection":[{"href":"https:\/\/hostnetart.com.br\/baixada\/wp-json\/wp\/v2\/posts"}],"about":[{"href":"https:\/\/hostnetart.com.br\/baixada\/wp-json\/wp\/v2\/types\/post"}],"author":[{"embeddable":true,"href":"https:\/\/hostnetart.com.br\/baixada\/wp-json\/wp\/v2\/users\/2"}],"replies":[{"embeddable":true,"href":"https:\/\/hostnetart.com.br\/baixada\/wp-json\/wp\/v2\/comments?post=5657"}],"version-history":[{"count":0,"href":"https:\/\/hostnetart.com.br\/baixada\/wp-json\/wp\/v2\/posts\/5657\/revisions"}],"wp:featuredmedia":[{"embeddable":true,"href":"https:\/\/hostnetart.com.br\/baixada\/wp-json\/wp\/v2\/media\/5656"}],"wp:attachment":[{"href":"https:\/\/hostnetart.com.br\/baixada\/wp-json\/wp\/v2\/media?parent=5657"}],"wp:term":[{"taxonomy":"category","embeddable":true,"href":"https:\/\/hostnetart.com.br\/baixada\/wp-json\/wp\/v2\/categories?post=5657"},{"taxonomy":"post_tag","embeddable":true,"href":"https:\/\/hostnetart.com.br\/baixada\/wp-json\/wp\/v2\/tags?post=5657"}],"curies":[{"name":"wp","href":"https:\/\/api.w.org\/{rel}","templated":true}]}}