{"id":5653,"date":"2018-11-28T13:13:06","date_gmt":"2018-11-28T15:13:06","guid":{"rendered":"https:\/\/hostnetart.com.br\/baixada\/caixa-lanca-plano-de-demissao-com-vistas-a-privatizacao\/"},"modified":"2018-11-28T13:13:06","modified_gmt":"2018-11-28T15:13:06","slug":"caixa-lanca-plano-de-demissao-com-vistas-a-privatizacao","status":"publish","type":"post","link":"https:\/\/hostnetart.com.br\/baixada\/caixa-lanca-plano-de-demissao-com-vistas-a-privatizacao\/","title":{"rendered":"Caixa lan\u00e7a plano de demiss\u00e3o com vistas \u00e0 privatiza\u00e7\u00e3o"},"content":{"rendered":"<p>A\u00a0<strong>Caixa Econ\u00f4mica Federal<\/strong>\u00a0reabriu nesta segunda-feira (26) mais um programa de\u00a0<strong>desligamento<\/strong>de empregados (PDE). At\u00e9 sexta-feira (30), o governo espera a ades\u00e3o de 1.600 funcion\u00e1rios. A &#8220;economia&#8221; prevista \u00e9 de\u00a0R$ 324 milh\u00f5es por ano. O alegado interesse\u00a0em cortar custos contrasta com o lucro de R$ 11,5 bilh\u00f5es nos primeiros nove meses do ano\u00a0pelo banco p\u00fablico \u2013 ao mesmo tempo em que as condi\u00e7\u00f5es de trabalho e de atendimento decaem.<\/p>\n<p>Em dois anos, 12.500 empregados se desligaram da Caixa, dois ter\u00e7os por meio de programas de demiss\u00e3o volunt\u00e1ria. O problema, segundo sindicalistas, \u00e9 que o quadro de\u00a0<a class=\"internal-link\" title=\"\" href=\"https:\/\/www.redebrasilatual.com.br\/economia\/2018\/06\/em-momento-de-resistencia-trabalhadores-da-caixa-encerram-conecef-nesta-sexta\" target=\"_blank\" rel=\"noopener noreferrer\">funcion\u00e1rios<\/a>\u00a0n\u00e3o vem sendo reposto, implicando na queda da qualidade dos servi\u00e7os.\u00a0<\/p>\n<p>Para o\u00a0presidente do Sindicato dos Banc\u00e1rios de Bras\u00edlia, Eduardo Ara\u00fajo, trata-se de um &#8220;enxugamento desnecess\u00e1rio&#8221;, com o desligamento de funcion\u00e1rios experientes e comprometidos com o desempenho do banco. Ele diz que o PDE pode inclusive impactar nas contas da Previd\u00eancia, precipitando a aposentadoria de trabalhadores que pretendiam permanecer na ativa.\u00a0<\/p>\n<p>O diretor do sindicato\u00a0Ant\u00f4nio Abdan, funcion\u00e1rio do banco h\u00e1 29 anos, acrescenta que a precariza\u00e7\u00e3o do atendimento, com a redu\u00e7\u00e3o do n\u00famero de funcion\u00e1rios, serve para refor\u00e7ar junto ao p\u00fablico mal atendido o\u00a0<a class=\"internal-link\" title=\"\" href=\"https:\/\/www.redebrasilatual.com.br\/economia\/2018\/09\/fenae-repudia-mais-um-ataque-contra-a-caixa-100-publica\" target=\"_blank\" rel=\"noopener noreferrer\">discurso de privatiza\u00e7\u00e3o<\/a>\u00a0defendido pela equipe econ\u00f4mica do novo governo Bolsonaro.<\/p>\n<p>&#8220;Em ag\u00eancias de periferia \u2013 como no Gama, Taguatinga e Ceil\u00e2ndia \u2013 s\u00e3o mais de duas horas de espera. O cliente fica insatisfeito, perde tempo. A Caixa perde todo investimento em marketing, porque um cliente insatisfeito \u00e9 um retorno negativo. O cliente acaba descontando no empregado. Adoece o empregado, piora o atendimento. Piora a imagem da Caixa e acaba influenciando no\u00a0<a class=\"internal-link\" title=\"\" href=\"https:\/\/www.redebrasilatual.com.br\/politica\/2018\/09\/fenae-caixa-e-bancos-publicos-precisam-ser-fortalecidos-em-novo-governo\" target=\"_blank\" rel=\"noopener noreferrer\">processo de privatiza\u00e7\u00e3o<\/a>&#8220;, explica Abdan.<\/p>\n<p>O\u00a0economista Pedro Guimar\u00e3es, nomeado para presidir a Caixa a partir do ano que vem, trabalhou com o futuro ministro da Economia,\u00a0<a class=\"internal-link\" title=\"\" href=\"https:\/\/www.redebrasilatual.com.br\/eleicoes-2018\/paulo-guedes-anuncia-que-vai-priorizar-reforma-da-previdencia-e-privatizacoes\" target=\"_blank\" rel=\"noopener noreferrer\">Paulo Guedes<\/a>, quando este ainda era s\u00f3cio do banco BTG Pactual. Na equipe de transi\u00e7\u00e3o de Bolsonaro, Guimar\u00e3es \u00e9 um dos respons\u00e1veis por fazer levantamento das estatais a serem vendidas ou . Ele chegou, inclusive, a ser cotado para nova secretaria de privatiza\u00e7\u00f5es, vinculada ao minist\u00e9rio de Guedes.<\/p>\n<p>\u00a0<\/p>\n<p><strong>Fonte: Rede Brasil Atual<\/strong><\/p>\n","protected":false},"excerpt":{"rendered":"<p>A\u00a0Caixa Econ\u00f4mica Federal\u00a0reabriu nesta segunda-feira (26) mais um programa de\u00a0desligamentode empregados (PDE). At\u00e9 sexta-feira (30), o governo espera a ades\u00e3o de 1.600 funcion\u00e1rios. A &#8220;economia&#8221; prevista \u00e9 de\u00a0R$ 324 milh\u00f5es por ano. O alegado interesse\u00a0em cortar custos contrasta com o lucro de R$ 11,5 bilh\u00f5es nos primeiros nove meses do ano\u00a0pelo banco p\u00fablico \u2013 ao [&hellip;]<\/p>\n","protected":false},"author":2,"featured_media":5652,"comment_status":"","ping_status":"","sticky":false,"template":"","format":"standard","meta":{"footnotes":""},"categories":[3],"tags":[],"class_list":["post-5653","post","type-post","status-publish","format-standard","has-post-thumbnail","hentry","category-noticias"],"_links":{"self":[{"href":"https:\/\/hostnetart.com.br\/baixada\/wp-json\/wp\/v2\/posts\/5653","targetHints":{"allow":["GET"]}}],"collection":[{"href":"https:\/\/hostnetart.com.br\/baixada\/wp-json\/wp\/v2\/posts"}],"about":[{"href":"https:\/\/hostnetart.com.br\/baixada\/wp-json\/wp\/v2\/types\/post"}],"author":[{"embeddable":true,"href":"https:\/\/hostnetart.com.br\/baixada\/wp-json\/wp\/v2\/users\/2"}],"replies":[{"embeddable":true,"href":"https:\/\/hostnetart.com.br\/baixada\/wp-json\/wp\/v2\/comments?post=5653"}],"version-history":[{"count":0,"href":"https:\/\/hostnetart.com.br\/baixada\/wp-json\/wp\/v2\/posts\/5653\/revisions"}],"wp:featuredmedia":[{"embeddable":true,"href":"https:\/\/hostnetart.com.br\/baixada\/wp-json\/wp\/v2\/media\/5652"}],"wp:attachment":[{"href":"https:\/\/hostnetart.com.br\/baixada\/wp-json\/wp\/v2\/media?parent=5653"}],"wp:term":[{"taxonomy":"category","embeddable":true,"href":"https:\/\/hostnetart.com.br\/baixada\/wp-json\/wp\/v2\/categories?post=5653"},{"taxonomy":"post_tag","embeddable":true,"href":"https:\/\/hostnetart.com.br\/baixada\/wp-json\/wp\/v2\/tags?post=5653"}],"curies":[{"name":"wp","href":"https:\/\/api.w.org\/{rel}","templated":true}]}}