{"id":5651,"date":"2018-11-27T18:47:30","date_gmt":"2018-11-27T20:47:30","guid":{"rendered":"https:\/\/hostnetart.com.br\/baixada\/mesas-tematicas-do-acordo-coletivo-do-bb-sao-instaladas-com-primeira-reuniao\/"},"modified":"2018-11-27T18:47:30","modified_gmt":"2018-11-27T20:47:30","slug":"mesas-tematicas-do-acordo-coletivo-do-bb-sao-instaladas-com-primeira-reuniao","status":"publish","type":"post","link":"https:\/\/hostnetart.com.br\/baixada\/mesas-tematicas-do-acordo-coletivo-do-bb-sao-instaladas-com-primeira-reuniao\/","title":{"rendered":"Mesas tem\u00e1ticas do acordo coletivo do BB s\u00e3o instaladas com primeira reuni\u00e3o"},"content":{"rendered":"<div class=\"content\">\n<p>As mesas tem\u00e1ticas previstas no Acordo Coletivo dos Funcion\u00e1rios do Banco do Brasil &#8211; ACT 2018\/2020, assinado com a Confedera\u00e7\u00e3o Nacional dos Trabalhadores do Ramo Financeiro \u2013 (Contraf-CUT) foram instaladas nesta segunda-feira (26).<\/p>\n<p>Os temas das mesas tem\u00e1ticas previstas no ACT s\u00e3o sa\u00fade e seguran\u00e7a no trabalho, teletrabalho e escrit\u00f3rios digitais e entidades patrocinadas de bancos incorporados.<\/p>\n<p><strong>Sa\u00fade e condi\u00e7\u00f5es de trabalho<\/strong><\/p>\n<p>O BB apresentou informa\u00e7\u00f5es referentes aos casos de retorno de licen\u00e7a-sa\u00fade e de retorno ao trabalho nos casos de cancelamento de aposentadoria por invalidez.<\/p>\n<p>Os representantes dos funcion\u00e1rios questionaram sobre os problemas que vem acontecendo nesses retornos, apontando problemas colhidos nas diversas bases de todo o pa\u00eds, que ser\u00e3o analisados na busca de solu\u00e7\u00f5es.<\/p>\n<p>Para a pr\u00f3xima mesa de sa\u00fade, ser\u00e1 feita uma apresenta\u00e7\u00e3o do detalhada programa de retorno ao trabalho dentro do BB.<\/p>\n<p>Esta mesa tem\u00e1tica contou com a participa\u00e7\u00e3o e assessoria de Mauro Sales, secret\u00e1rio de Sa\u00fade da Contraf-CUT.<\/p>\n<p><strong>Teletrabalho<\/strong><\/p>\n<p>O banco fez uma apresenta\u00e7\u00e3o do programa piloto de teletrabalho em implementa\u00e7\u00e3o na empresa. Foi informado a quantidade de funcion\u00e1rios no programa, os crit\u00e9rios, as \u00e1reas envolvidas e os diversos tipos de teletrabalho.<\/p>\n<p>Houve bastante questionamento sobre a quest\u00e3o da seguran\u00e7a no trabalho, ergonomia, jornada de trabalho e as formas de contato com os funcion\u00e1rios em home office principalmente.<\/p>\n<p>Os sindicatos questionaram o modelo de representa\u00e7\u00e3o e atua\u00e7\u00e3o junto aos funcion\u00e1rios em teletrabalho para que o mesmo n\u00e3o fique desassistido tanto da sua representa\u00e7\u00e3o sindical, como tamb\u00e9m da assist\u00eancia social, via acompanhamento das condi\u00e7\u00f5es de sa\u00fade periodicamente.<\/p>\n<p>O assunto ser\u00e1 mais aprofundado no decorrer das outras reuni\u00f5es.<\/p>\n<p><strong>Bancos incorporados<\/strong><\/p>\n<p>A mesa de bancos incorporados come\u00e7ou com um debate sobre delineamento dos temas que ser\u00e3o debatidos, sendo o acesso aos benef\u00edcios o primeiro assunto quer ser\u00e1 abordado e detalhado.<\/p>\n<p><strong>Negocia\u00e7\u00e3o permanente<\/strong><\/p>\n<p>A Comiss\u00e3o de Empresa apresentou reivindica\u00e7\u00f5es de solu\u00e7\u00e3o de problemas na recente reestrutura\u00e7\u00e3o das Unidades de Apoio, reestrutura\u00e7\u00e3o do setor de atacado em Campinas, migra\u00e7\u00e3o do setor de pagamento e recebimento das ag\u00eancias Setor P\u00fablico para o PSO e foi iniciado um debate sobre GDP (processo de avalia\u00e7\u00e3o pessoal), que ser\u00e1 feito ao longo da vig\u00eancia do acordo, conforme acertado durante a negocia\u00e7\u00e3o na campanha salarial.<\/p>\n<p>Foi cobrado sobre a implanta\u00e7\u00e3o da possibilidade de redu\u00e7\u00e3o do hor\u00e1rio de almo\u00e7o e o o banco confirmou que os testes no sistema j\u00e1 se iniciaram e o prazo at\u00e9 o final de novembro est\u00e1 mantido.<\/p>\n<p><strong>Cassi<\/strong><\/p>\n<p>A Contraf-CUT cobrou do banco o restabelecimento da Mesa de Negocia\u00e7\u00e3o da CASSI, considerando que foi apresentada uma proposta de consenso das entidades, feita com o aux\u00edlio e an\u00e1lise t\u00e9cnica da Diretoria da CASSI, inclusive com os t\u00e9cnicos da \u00e1rea financeira que s\u00e3o indicados pelo banco.<\/p>\n<p>A Contraf-CUT afirmou que sempre teve o interesse de negociar uma proposta para sustentabilidade da Cassi e que a discuss\u00e3o na mesa com os Sindicatos e demais entidades representativas \u00e9 a melhor forma de se chegar a um entendimento.<\/p>\n<p>Defesa do Banco do Brasil e dos funcion\u00e1rios<\/p>\n<p>A Comiss\u00e3o de Empresa fez uma defesa do papel do Banco do Brasil e tamb\u00e9m dos seus funcion\u00e1rios, considerando as not\u00edcias e especula\u00e7\u00f5es veiculadas na imprensa sobre o futuro governo e a nova dire\u00e7\u00e3o do BB.<\/p>\n<p>A Contraf-CUT ressaltou a campanha em defesa dos bancos p\u00fablicos e os debates feitos em audi\u00eancias nas diversas casas legislativas em todo o territ\u00f3rio nacional, demostrando a import\u00e2ncia do Banco do Brasil para o desenvolvimento do pa\u00eds.<\/p>\n<p>Os representantes dos funcion\u00e1rios afirmaram que a defesa dos processos seletivos apresentada constantemente pelos sindicatos \u00e9 uma forma de proteger os trabalhadores e a institui\u00e7\u00e3o de interfer\u00eancias externas.<\/p>\n<p><strong>Pr\u00f3ximas mesas tem\u00e1ticas<\/strong><\/p>\n<p>A mesas tem\u00e1ticas ter\u00e3o calend\u00e1rio de reuni\u00f5es trimestral e a pr\u00f3xima rodada est\u00e1 agendada para o final do m\u00eas de fevereiro de 2019.<\/p>\n<p>No m\u00eas de janeiro ser\u00e1 feita uma reuni\u00e3o para apresenta\u00e7\u00e3o e debate sobre a amplia\u00e7\u00e3o das pra\u00e7as da UNV &#8211; Unidade de Varejo e as consequ\u00eancias do novo modelo para os funcion\u00e1rios das ag\u00eancias.<\/p>\n<p>Para Wagner Nascimento, coordenador da Comiss\u00e3o de Empresa dos Funcion\u00e1rios do BB, a implanta\u00e7\u00e3o das mesas tem\u00e1ticas e seus debates \u00e9 de extrema import\u00e2ncia para os funcion\u00e1rios do BB. \u201cV\u00e1rias das melhorias nas rela\u00e7\u00f5es de trabalho, no nosso acordo coletivo e nos processos do dia a dia foram conquistadas a partir de discuss\u00f5es em mesas tem\u00e1ticas com as \u00e1reas t\u00e9cnicas do BB. Por isso, a instala\u00e7\u00e3o dessas mesas, al\u00e9m de cumprir o acordado no ACT, propicia ampliar o nosso leque de discuss\u00f5es. O tema tele trabalho \u00e9 um assunto bastante novo no ambiente do BB e precisamos nos assegurar sobre a efetividade da sua implanta\u00e7\u00e3o, bem como da prote\u00e7\u00e3o aos funcion\u00e1rios do que tange \u00e0s condi\u00e7\u00f5es de trabalho e seus direitos, por exemplo.\u201d<\/p>\n<\/div>\n<p id=\"page-author\"><span style=\"text-decoration: underline;\"><em><strong>Fonte: Contraf-CUT<\/strong><\/em><\/span><\/p>\n","protected":false},"excerpt":{"rendered":"<p>As mesas tem\u00e1ticas previstas no Acordo Coletivo dos Funcion\u00e1rios do Banco do Brasil &#8211; ACT 2018\/2020, assinado com a Confedera\u00e7\u00e3o Nacional dos Trabalhadores do Ramo Financeiro \u2013 (Contraf-CUT) foram instaladas nesta segunda-feira (26). Os temas das mesas tem\u00e1ticas previstas no ACT s\u00e3o sa\u00fade e seguran\u00e7a no trabalho, teletrabalho e escrit\u00f3rios digitais e entidades patrocinadas de [&hellip;]<\/p>\n","protected":false},"author":2,"featured_media":5650,"comment_status":"","ping_status":"","sticky":false,"template":"","format":"standard","meta":{"footnotes":""},"categories":[3],"tags":[],"class_list":["post-5651","post","type-post","status-publish","format-standard","has-post-thumbnail","hentry","category-noticias"],"_links":{"self":[{"href":"https:\/\/hostnetart.com.br\/baixada\/wp-json\/wp\/v2\/posts\/5651","targetHints":{"allow":["GET"]}}],"collection":[{"href":"https:\/\/hostnetart.com.br\/baixada\/wp-json\/wp\/v2\/posts"}],"about":[{"href":"https:\/\/hostnetart.com.br\/baixada\/wp-json\/wp\/v2\/types\/post"}],"author":[{"embeddable":true,"href":"https:\/\/hostnetart.com.br\/baixada\/wp-json\/wp\/v2\/users\/2"}],"replies":[{"embeddable":true,"href":"https:\/\/hostnetart.com.br\/baixada\/wp-json\/wp\/v2\/comments?post=5651"}],"version-history":[{"count":0,"href":"https:\/\/hostnetart.com.br\/baixada\/wp-json\/wp\/v2\/posts\/5651\/revisions"}],"wp:featuredmedia":[{"embeddable":true,"href":"https:\/\/hostnetart.com.br\/baixada\/wp-json\/wp\/v2\/media\/5650"}],"wp:attachment":[{"href":"https:\/\/hostnetart.com.br\/baixada\/wp-json\/wp\/v2\/media?parent=5651"}],"wp:term":[{"taxonomy":"category","embeddable":true,"href":"https:\/\/hostnetart.com.br\/baixada\/wp-json\/wp\/v2\/categories?post=5651"},{"taxonomy":"post_tag","embeddable":true,"href":"https:\/\/hostnetart.com.br\/baixada\/wp-json\/wp\/v2\/tags?post=5651"}],"curies":[{"name":"wp","href":"https:\/\/api.w.org\/{rel}","templated":true}]}}