{"id":565,"date":"2015-01-07T15:50:00","date_gmt":"2015-01-07T17:50:00","guid":{"rendered":"https:\/\/hostnetart.com.br\/baixada\/inscricoes-para-bolsas-de-estudo-conquistadas-no-santander-vao-ate-dia-16\/"},"modified":"2015-01-07T15:50:00","modified_gmt":"2015-01-07T17:50:00","slug":"inscricoes-para-bolsas-de-estudo-conquistadas-no-santander-vao-ate-dia-16","status":"publish","type":"post","link":"https:\/\/hostnetart.com.br\/baixada\/inscricoes-para-bolsas-de-estudo-conquistadas-no-santander-vao-ate-dia-16\/","title":{"rendered":"Inscri\u00e7\u00f5es para bolsas de estudo conquistadas no Santander v\u00e3o at\u00e9 dia 16"},"content":{"rendered":"<p><span style=\"color: #464646;\">O Santander continua com inscri\u00e7\u00f5es abertas para a concess\u00e3o de 2 mil bolsas de primeira gradua\u00e7\u00e3o, conforme foi conquistado no acordo aditivo \u00e0 Conven\u00e7\u00e3o Coletiva de Trabalho (CCT), com validade de dois anos. O prazo vai at\u00e9 o dia 16 de janeiro e os inscritos receber\u00e3o retorno da \u00e1rea de recursos humanos do banco at\u00e9 o dia 6 de fevereiro, informando se a bolsa foi aprovada.<\/span><br style=\"color: #464646;\" \/><br style=\"color: #464646;\" \/><span style=\"color: #464646;\">A bolsa garante um aux\u00edlio de at\u00e9 50% do valor da mensalidade, limitado a R$ 480,50 por m\u00eas.<\/span><br style=\"color: #464646;\" \/><br style=\"color: #464646;\" \/><span style=\"color: #464646;\">Podem fazer inscri\u00e7\u00e3o os funcion\u00e1rios com no m\u00ednimo 4 meses de banco e que j\u00e1 estejam cursando ou ir\u00e3o cursar a primeira gradua\u00e7\u00e3o.\u00a0<\/span><br style=\"color: #464646;\" \/><br style=\"color: #464646;\" \/><span style=\"color: #464646;\">\u201cA garantia de bolsas de estudo foi uma importante conquista do aditivo, fruto das negocia\u00e7\u00f5es da Contraf-CUT, federa\u00e7\u00f5es e sindicatos com o banco, visando contribuir para a forma\u00e7\u00e3o e qualifica\u00e7\u00e3o profissional dos trabalhadores\u201d, afirma Ademir Wiederkehr, secret\u00e1rio de Imprensa da Contraf-CUT.\u00a0<\/span><br style=\"color: #464646;\" \/><br style=\"color: #464646;\" \/><span style=\"color: #464646;\">As bolsas de 2016 ser\u00e3o reajustadas em 8,5%, que foi o \u00edndice conquistado na Campanha Nacional 2014.<\/span><br style=\"color: #464646;\" \/><br style=\"color: #464646;\" \/><span style=\"color: #464646;\">O aditivo garante o pagamento de 12 parcelas, podendo, a crit\u00e9rio do aluno, optar por 11 mensalidades mais a matr\u00edcula ou ent\u00e3o 12 mensalidades.\u00a0<\/span><br style=\"color: #464646;\" \/><br style=\"color: #464646;\" \/><span style=\"color: #464646;\">Os cursos abrangidos s\u00e3o: Administra\u00e7\u00e3o de Empresas, Marketing, Ci\u00eancias Cont\u00e1beis, Tecnologia da Informa\u00e7\u00e3o, Economia, Direito, Com\u00e9rcio Exterior e Matem\u00e1tica. Al\u00e9m dos cursos espec\u00edficos de Gest\u00e3o de Sistema da Informa\u00e7\u00e3o, Gest\u00e3o de Tecnologia da Informa\u00e7\u00e3o e Propaganda e Marketing, sendo estes \u00faltimos tr\u00eas citados, caracteristicamente, com forma\u00e7\u00e3o em n\u00edvel de Tecn\u00f3logo.\u00a0<\/span><br style=\"color: #464646;\" \/><br style=\"color: #464646;\" \/><b style=\"color: #464646;\">Como fazer inscri\u00e7\u00e3o<\/b><br style=\"color: #464646;\" \/><br style=\"color: #464646;\" \/><span style=\"color: #464646;\">As inscri\u00e7\u00f5es podem ser feitas atrav\u00e9s da Intranet &gt; As Pessoas &gt; Portal RH &gt; Benef\u00edcios &gt; Reembolso &gt; Solicitar Reembolso &gt; Bolsa Gradua\u00e7\u00e3o &gt; Solicitar Bolsa.\u00a0<\/span><br style=\"color: #464646;\" \/><br style=\"color: #464646;\" \/><span style=\"color: #464646;\">Se o n\u00famero de pedidos for maior do que o de bolsas dispon\u00edveis, ser\u00e3o aplicados os crit\u00e9rios de desempate: empregado j\u00e1 contemplado com a bolsa no ano anterior, menor sal\u00e1rio, tempo de banco e\/ou nas empresas listadas na cl\u00e1usula de abrang\u00eancia do aditivo e n\u00fameros de filhos.\u00a0<\/span><br style=\"color: #464646;\" \/><br style=\"color: #464646;\" \/><span style=\"color: #464646;\">Por isso, \u00e9 importante que todos mantenham o cadastro no Portal RH atualizado, em Intranet &gt; As Pessoas &gt; Portal RH &gt; Autoatendimento &gt; Atualize seus dados &gt; Atualize seus dados pessoais.<\/span><br style=\"color: #464646;\" \/><br style=\"color: #464646;\" \/><b style=\"color: #464646;\">Bolsas para p\u00f3s-gradua\u00e7\u00e3o<\/b><br style=\"color: #464646;\" \/><br style=\"color: #464646;\" \/><span style=\"color: #464646;\">O novo aditivo garante pela primeira vez a concess\u00e3o de 500 bolsas de estudo para cursos de p\u00f3s-gradua\u00e7\u00e3o, cuja concess\u00e3o se dar\u00e1 a partir de junho de 2015, excepcionalmente, para o ano letivo de 2015, em raz\u00e3o de adequa\u00e7\u00f5es sist\u00eamicas ao processo. Para o ano letivo de 2016, a concess\u00e3o dessas bolsas se dar\u00e1 a partir de fevereiro de 2016.<\/span><br style=\"color: #464646;\" \/><br style=\"color: #464646;\" \/><span style=\"color: #464646;\">\u201cFoi um dos importantes avan\u00e7os das negocia\u00e7\u00f5es entre as entidades sindicais e o banco, pois a possibilidade de bolsas para p\u00f3s-gradua\u00e7\u00e3o era uma antiga reivindica\u00e7\u00e3o dos funcion\u00e1rios, cada vez mais interessados no aperfei\u00e7oamento da forma\u00e7\u00e3o profissional\u201d, ressalta Ademir.<\/span><br style=\"color: #464646;\" \/><br style=\"color: #464646;\" \/><br style=\"color: #464646;\" \/><span style=\"color: #464646;\">Fonte: Contraf-CUT<\/span><\/p>\n","protected":false},"excerpt":{"rendered":"<p>O Santander continua com inscri\u00e7\u00f5es abertas para a concess\u00e3o de 2 mil bolsas de primeira gradua\u00e7\u00e3o, conforme foi conquistado no acordo aditivo \u00e0 Conven\u00e7\u00e3o Coletiva de Trabalho (CCT), com validade de dois anos. O prazo vai at\u00e9 o dia 16 de janeiro e os inscritos receber\u00e3o retorno da \u00e1rea de recursos humanos do banco at\u00e9 [&hellip;]<\/p>\n","protected":false},"author":1,"featured_media":0,"comment_status":"","ping_status":"","sticky":false,"template":"","format":"standard","meta":{"footnotes":""},"categories":[3],"tags":[],"class_list":["post-565","post","type-post","status-publish","format-standard","hentry","category-noticias"],"_links":{"self":[{"href":"https:\/\/hostnetart.com.br\/baixada\/wp-json\/wp\/v2\/posts\/565","targetHints":{"allow":["GET"]}}],"collection":[{"href":"https:\/\/hostnetart.com.br\/baixada\/wp-json\/wp\/v2\/posts"}],"about":[{"href":"https:\/\/hostnetart.com.br\/baixada\/wp-json\/wp\/v2\/types\/post"}],"author":[{"embeddable":true,"href":"https:\/\/hostnetart.com.br\/baixada\/wp-json\/wp\/v2\/users\/1"}],"replies":[{"embeddable":true,"href":"https:\/\/hostnetart.com.br\/baixada\/wp-json\/wp\/v2\/comments?post=565"}],"version-history":[{"count":0,"href":"https:\/\/hostnetart.com.br\/baixada\/wp-json\/wp\/v2\/posts\/565\/revisions"}],"wp:attachment":[{"href":"https:\/\/hostnetart.com.br\/baixada\/wp-json\/wp\/v2\/media?parent=565"}],"wp:term":[{"taxonomy":"category","embeddable":true,"href":"https:\/\/hostnetart.com.br\/baixada\/wp-json\/wp\/v2\/categories?post=565"},{"taxonomy":"post_tag","embeddable":true,"href":"https:\/\/hostnetart.com.br\/baixada\/wp-json\/wp\/v2\/tags?post=565"}],"curies":[{"name":"wp","href":"https:\/\/api.w.org\/{rel}","templated":true}]}}