{"id":5649,"date":"2018-11-27T18:46:21","date_gmt":"2018-11-27T20:46:21","guid":{"rendered":"https:\/\/hostnetart.com.br\/baixada\/dia-nacional-de-luta-nesta-quinta-29-intensifica-mobilizacao-contra-fatiamento-da-caixa\/"},"modified":"2018-11-27T18:46:21","modified_gmt":"2018-11-27T20:46:21","slug":"dia-nacional-de-luta-nesta-quinta-29-intensifica-mobilizacao-contra-fatiamento-da-caixa","status":"publish","type":"post","link":"https:\/\/hostnetart.com.br\/baixada\/dia-nacional-de-luta-nesta-quinta-29-intensifica-mobilizacao-contra-fatiamento-da-caixa\/","title":{"rendered":"Dia Nacional de Luta nesta quinta (29) intensifica mobiliza\u00e7\u00e3o contra fatiamento da Caixa"},"content":{"rendered":"<div class=\"content\">\n<p>O momento \u00e9 de resistir contra qualquer tentativa de privatiza\u00e7\u00e3o da Caixa Econ\u00f4mica Federal. Com este prop\u00f3sito, as entidades representativas dos trabalhadores convocaram para quinta-feira (29) um Dia Nacional de Luta contra o fatiamento do banco. A Confedera\u00e7\u00e3o Nacional dos Trabalhadores do Ramo Financeiro (Contraf-CUT) est\u00e1 orientando as federa\u00e7\u00f5es, sindicatos e associa\u00e7\u00f5es que realizem mobiliza\u00e7\u00f5es em todo o pa\u00eds.<\/p>\n<p>Dion\u00edsio Reis, coordenador da Comiss\u00e3o Executiva dos Empregados (CEE\/Caixa), explica que apesar do adiamento do leil\u00e3o da Lotex para 5 de fevereiro, o Dia de Luta est\u00e1 mantido. \u201cFoi uma vit\u00f3ria importante, sem d\u00favida. Mas temos que aproveitar esse tempo que ganhamos para refor\u00e7ar a mobiliza\u00e7\u00e3o em defesa do banco 100% p\u00fablico, forte, social e parceira estrat\u00e9gica na execu\u00e7\u00e3o de pol\u00edticas p\u00fablicas\u201d, diz.<\/p>\n<p>\u201c\u00c9 fundamental que empregados e sociedade continuem na luta para pressionar o governo atual e o que foi eleito, a fim de evitar que a Caixa seja enfraquecida, diminu\u00edda ou privatizada. Gra\u00e7as \u00e0 nossa resist\u00eancia, o governo federal fracassou em mais uma tentativa de privatizar a Loteria Instant\u00e2nea Exclusiva (Lotex), que considerados ser a porta de entrada para a entrega de outros setores das Loterias e da Caixa\u201d, lembra o presidente da Fenae, Jair Pedro Ferreira.<\/p>\n<p>\u201cO que temos hoje \u00e9 um projeto para diminuir e esfacelar a Caixa, modelo esse que deve ser mantido ou agravado na pr\u00f3xima gest\u00e3o, que j\u00e1 disse querer vender tudo que puder. Refor\u00e7o que a resist\u00eancia dos empregados, das entidades representativas e da sociedade em geral \u00e9 fundamental para barrar esses e outros retrocessos. Afinal, n\u00e3o tem sentido a Caixa deixar de ser o banco dos brasileiros, sobretudo dos mais carentes\u201d, finaliza Jair Ferreira.<\/p>\n<p><strong>Orienta\u00e7\u00f5es<\/strong><\/p>\n<p>Durante o Dia Nacional de Luta, ser\u00e3o usados cartazes da campanha \u201cN\u00e3o tem sentido\u201d, lan\u00e7ada em outubro pela Fenae, com os dizeres \u201cN\u00e3o tem sentido privatizar a Lotex\u201d, \u201cN\u00e3o tem sentido fatiar a Caixa\u201d, \u201cN\u00e3o tem sentido privatizar a Caixa\u201d, \u201cN\u00e3o tem sentido enfraquecer a Caixa\u201d e \u201cN\u00e3o tem sentido diminuir a Caixa\u201d. Cartazes e praguinhas foram enviados \u00e0s ag\u00eancias do banco na semana passada.<\/p>\n<p>A orienta\u00e7\u00e3o \u00e9 para que os empregados tirem fotos com os materiais e postem nas redes sociais, usando as hashtags #N\u00e3oTemSentidoPrivatizarALotex e #N\u00e3oTemSentidoFatiarACaixa. As imagens das atividades nas unidades tamb\u00e9m podem ser encaminhadas para os e-mails imprensa@contrafcut.org.br e fenae@fenae.org.br. \u201cPrecisamos da participa\u00e7\u00e3o de todos os colegas\u201d, ressalta Dion\u00edsio Reis.<\/p>\n<p>Outro Dia Nacional de Luta est\u00e1 agendado para 6 de dezembro, desta vez em defesa da Caixa e dos demais bancos p\u00fablicos.<\/p>\n<\/div>\n<p id=\"page-author\"><span style=\"text-decoration: underline;\"><strong>Fonte: Fenae<\/strong><\/span><\/p>\n","protected":false},"excerpt":{"rendered":"<p>O momento \u00e9 de resistir contra qualquer tentativa de privatiza\u00e7\u00e3o da Caixa Econ\u00f4mica Federal. Com este prop\u00f3sito, as entidades representativas dos trabalhadores convocaram para quinta-feira (29) um Dia Nacional de Luta contra o fatiamento do banco. A Confedera\u00e7\u00e3o Nacional dos Trabalhadores do Ramo Financeiro (Contraf-CUT) est\u00e1 orientando as federa\u00e7\u00f5es, sindicatos e associa\u00e7\u00f5es que realizem mobiliza\u00e7\u00f5es [&hellip;]<\/p>\n","protected":false},"author":2,"featured_media":5648,"comment_status":"","ping_status":"","sticky":false,"template":"","format":"standard","meta":{"footnotes":""},"categories":[3],"tags":[],"class_list":["post-5649","post","type-post","status-publish","format-standard","has-post-thumbnail","hentry","category-noticias"],"_links":{"self":[{"href":"https:\/\/hostnetart.com.br\/baixada\/wp-json\/wp\/v2\/posts\/5649","targetHints":{"allow":["GET"]}}],"collection":[{"href":"https:\/\/hostnetart.com.br\/baixada\/wp-json\/wp\/v2\/posts"}],"about":[{"href":"https:\/\/hostnetart.com.br\/baixada\/wp-json\/wp\/v2\/types\/post"}],"author":[{"embeddable":true,"href":"https:\/\/hostnetart.com.br\/baixada\/wp-json\/wp\/v2\/users\/2"}],"replies":[{"embeddable":true,"href":"https:\/\/hostnetart.com.br\/baixada\/wp-json\/wp\/v2\/comments?post=5649"}],"version-history":[{"count":0,"href":"https:\/\/hostnetart.com.br\/baixada\/wp-json\/wp\/v2\/posts\/5649\/revisions"}],"wp:featuredmedia":[{"embeddable":true,"href":"https:\/\/hostnetart.com.br\/baixada\/wp-json\/wp\/v2\/media\/5648"}],"wp:attachment":[{"href":"https:\/\/hostnetart.com.br\/baixada\/wp-json\/wp\/v2\/media?parent=5649"}],"wp:term":[{"taxonomy":"category","embeddable":true,"href":"https:\/\/hostnetart.com.br\/baixada\/wp-json\/wp\/v2\/categories?post=5649"},{"taxonomy":"post_tag","embeddable":true,"href":"https:\/\/hostnetart.com.br\/baixada\/wp-json\/wp\/v2\/tags?post=5649"}],"curies":[{"name":"wp","href":"https:\/\/api.w.org\/{rel}","templated":true}]}}