{"id":5647,"date":"2018-11-27T18:45:20","date_gmt":"2018-11-27T20:45:20","guid":{"rendered":"https:\/\/hostnetart.com.br\/baixada\/contraf-cut-realiza-ato-do-mes-da-consciencia-negra-no-rio-de-janeiro\/"},"modified":"2018-11-27T18:45:20","modified_gmt":"2018-11-27T20:45:20","slug":"contraf-cut-realiza-ato-do-mes-da-consciencia-negra-no-rio-de-janeiro","status":"publish","type":"post","link":"https:\/\/hostnetart.com.br\/baixada\/contraf-cut-realiza-ato-do-mes-da-consciencia-negra-no-rio-de-janeiro\/","title":{"rendered":"Contraf-CUT realiza ato do m\u00eas da consci\u00eancia negra no Rio de Janeiro"},"content":{"rendered":"<div class=\"content\">\n<p>Como parte das atividades do m\u00eas da consci\u00eancia negra, a Confedera\u00e7\u00e3o Nacional dos Trabalhadores do Ramo Financeiro (Contraf-CUT) realizou uma grande atividade na cidade do Rio de Janeiro, em conjunto com a Fetrafi RJ\/ES e Sindicato dos Banc\u00e1rios do Rio de Janeiro para mobilizar a popula\u00e7\u00e3o e os trabalhadores para a import\u00e2ncia do tema racial.<\/p>\n<p>Dados divulgados pelo Dieese nas \u00faltimas semanas assustam pelo grau de discrimina\u00e7\u00e3o que a maioria dos negros, que representam 54% da popula\u00e7\u00e3o, passam no Brasil. Enquanto 12,8% dos estudantes do n\u00edvel superior s\u00e3o negros, a popula\u00e7\u00e3o carcer\u00e1ria \u00e9 composta por 64% de negros. Ao mesmo tempo, nos \u00faltimos dez anos aumentou os assassinatos das mulheres negras em 15,4%. O Atlas da Viol\u00eancia tamb\u00e9m identificou que em 2015, ocorreram 59.080 homic\u00eddios. A cada 100 pessoas assassinadas no Brasil, 71 s\u00e3o negras, jovens e de sexo masculino.<\/p>\n<p><a class=\"has-subtitle img\" title=\"\" href=\"http:\/\/admin.contrafcut.com.br\/system\/uploads\/ck\/images\/WhatsApp%20Image%202018-11-27%20at%2014_41_08.jpeg\" data-lightbox=\"lightbox\" data-title=\"\"><img decoding=\"async\" src=\"http:\/\/contrafcut.org.br\/images\/_97304354c4e109b8d49cf86ed20149b0.jpeg\" alt=\"\" \/><\/a><\/p>\n<p>Para Almir Aguiar, secret\u00e1rio de Combate ao Racismo da Contraf-CUT, os efeitos dessa triste estat\u00edstica no trabalho e na vida, correspondem aos mais de 350 anos de escravid\u00e3o negra no Brasil. \u201cCom o \u2018fim da escravid\u00e3o\u2019, a popula\u00e7\u00e3o negra n\u00e3o recebeu nenhum incentivo do Estado, sem nenhuma pol\u00edtica de educa\u00e7\u00e3o, sa\u00fade, sem direito a terras e a trabalho. Os negros constru\u00edram suas moradias nas partes altas da cidade, conhecidas como favelas, por entendemos que em 2018 foram completados 130 anos dessa aboli\u00e7\u00e3o inacabada.\u201d<\/p>\n<p><strong>Situa\u00e7\u00e3o dos negros nos bancos<\/strong><\/p>\n<p>O II Censo da Diversidade, divulgado pela Fenaban em 2014, mostrou que, dos 500 mil banc\u00e1rios que atuavam no setor na \u00e9poca, somente 24,7% eram negros. Deste percentual, apenas 3,4% se declararam pretos e nesta mesma pesquisa nem aparecem dados espec\u00edficos sobre a mulher negra dentro dos bancos. \u201cJuntos os cinco maiores bancos no Brasil lucraram mais de R$60 bilh\u00f5es em nove meses e continuam com sua pol\u00edtica discriminat\u00f3ria, os negros que trabalham na \u00e1rea recebem, em m\u00e9dia, um sal\u00e1rio 27% menor do que um trabalhador branco, \u00e9 muito claro que a cor da pele \u00e9 um impeditivo para a ascens\u00e3o profissional, na Bahia, um estado predominantemente negro, a invisibilidade dessa ra\u00e7a \u00e9 not\u00f3ria\u201d, afirmou Almir Aguiar.<\/p>\n<\/div>\n<p id=\"page-author\"><span style=\"text-decoration: underline;\"><strong>Fonte: Contraf-CUT<\/strong><\/span><\/p>\n","protected":false},"excerpt":{"rendered":"<p>Como parte das atividades do m\u00eas da consci\u00eancia negra, a Confedera\u00e7\u00e3o Nacional dos Trabalhadores do Ramo Financeiro (Contraf-CUT) realizou uma grande atividade na cidade do Rio de Janeiro, em conjunto com a Fetrafi RJ\/ES e Sindicato dos Banc\u00e1rios do Rio de Janeiro para mobilizar a popula\u00e7\u00e3o e os trabalhadores para a import\u00e2ncia do tema racial. [&hellip;]<\/p>\n","protected":false},"author":2,"featured_media":5646,"comment_status":"","ping_status":"","sticky":false,"template":"","format":"standard","meta":{"footnotes":""},"categories":[3],"tags":[],"class_list":["post-5647","post","type-post","status-publish","format-standard","has-post-thumbnail","hentry","category-noticias"],"_links":{"self":[{"href":"https:\/\/hostnetart.com.br\/baixada\/wp-json\/wp\/v2\/posts\/5647","targetHints":{"allow":["GET"]}}],"collection":[{"href":"https:\/\/hostnetart.com.br\/baixada\/wp-json\/wp\/v2\/posts"}],"about":[{"href":"https:\/\/hostnetart.com.br\/baixada\/wp-json\/wp\/v2\/types\/post"}],"author":[{"embeddable":true,"href":"https:\/\/hostnetart.com.br\/baixada\/wp-json\/wp\/v2\/users\/2"}],"replies":[{"embeddable":true,"href":"https:\/\/hostnetart.com.br\/baixada\/wp-json\/wp\/v2\/comments?post=5647"}],"version-history":[{"count":0,"href":"https:\/\/hostnetart.com.br\/baixada\/wp-json\/wp\/v2\/posts\/5647\/revisions"}],"wp:featuredmedia":[{"embeddable":true,"href":"https:\/\/hostnetart.com.br\/baixada\/wp-json\/wp\/v2\/media\/5646"}],"wp:attachment":[{"href":"https:\/\/hostnetart.com.br\/baixada\/wp-json\/wp\/v2\/media?parent=5647"}],"wp:term":[{"taxonomy":"category","embeddable":true,"href":"https:\/\/hostnetart.com.br\/baixada\/wp-json\/wp\/v2\/categories?post=5647"},{"taxonomy":"post_tag","embeddable":true,"href":"https:\/\/hostnetart.com.br\/baixada\/wp-json\/wp\/v2\/tags?post=5647"}],"curies":[{"name":"wp","href":"https:\/\/api.w.org\/{rel}","templated":true}]}}