{"id":5643,"date":"2018-11-27T12:36:17","date_gmt":"2018-11-27T14:36:17","guid":{"rendered":"https:\/\/hostnetart.com.br\/baixada\/bancarios-do-bndes-assinam-acordo-da-plr\/"},"modified":"2018-11-27T12:36:17","modified_gmt":"2018-11-27T14:36:17","slug":"bancarios-do-bndes-assinam-acordo-da-plr","status":"publish","type":"post","link":"https:\/\/hostnetart.com.br\/baixada\/bancarios-do-bndes-assinam-acordo-da-plr\/","title":{"rendered":"Banc\u00e1rios do BNDES assinam acordo da PLR"},"content":{"rendered":"<div class=\"content\">\n<p>A Confedera\u00e7\u00e3o Nacional dos Trabalhadores do Ramo Financeiro (Contraf-CUT), federa\u00e7\u00f5es e sindicatos assinaram nesta segunda-feira (14) o acordo da PLR dos banc\u00e1rios do Banco Nacional de Desenvolvimento Econ\u00f4mico e Social (BNDES).<\/p>\n<p>O vice-presidente da Contraf-CUT, Vin\u00edcius Assump\u00e7\u00e3o, a presidenta do Sindicato dos Banc\u00e1rios do Rio de Janeiros, Adriana Nalesso, e representantes das associa\u00e7\u00f5es de funcion\u00e1rios participaram da assinatura.<\/p>\n<p>\u201cO acordo \u00e9 pautado em metas internas de financiamento de investimentos do banco, que \u00e9 fundamental para o desenvolvimento do pa\u00eds. \u00c9 uma vit\u00f3ria garantir mais um acordo coletivo num cen\u00e1rio onde a maioria dos Trabalhadores tem dificuldades de conseguir\u201d, afirmou Assump\u00e7\u00e3o.<\/p>\n<\/div>\n<p id=\"page-author\"><strong>Fonte: Contraf-CUT<\/strong><\/p>\n","protected":false},"excerpt":{"rendered":"<p>A Confedera\u00e7\u00e3o Nacional dos Trabalhadores do Ramo Financeiro (Contraf-CUT), federa\u00e7\u00f5es e sindicatos assinaram nesta segunda-feira (14) o acordo da PLR dos banc\u00e1rios do Banco Nacional de Desenvolvimento Econ\u00f4mico e Social (BNDES). O vice-presidente da Contraf-CUT, Vin\u00edcius Assump\u00e7\u00e3o, a presidenta do Sindicato dos Banc\u00e1rios do Rio de Janeiros, Adriana Nalesso, e representantes das associa\u00e7\u00f5es de funcion\u00e1rios [&hellip;]<\/p>\n","protected":false},"author":2,"featured_media":5642,"comment_status":"","ping_status":"","sticky":false,"template":"","format":"standard","meta":{"footnotes":""},"categories":[3],"tags":[],"class_list":["post-5643","post","type-post","status-publish","format-standard","has-post-thumbnail","hentry","category-noticias"],"_links":{"self":[{"href":"https:\/\/hostnetart.com.br\/baixada\/wp-json\/wp\/v2\/posts\/5643","targetHints":{"allow":["GET"]}}],"collection":[{"href":"https:\/\/hostnetart.com.br\/baixada\/wp-json\/wp\/v2\/posts"}],"about":[{"href":"https:\/\/hostnetart.com.br\/baixada\/wp-json\/wp\/v2\/types\/post"}],"author":[{"embeddable":true,"href":"https:\/\/hostnetart.com.br\/baixada\/wp-json\/wp\/v2\/users\/2"}],"replies":[{"embeddable":true,"href":"https:\/\/hostnetart.com.br\/baixada\/wp-json\/wp\/v2\/comments?post=5643"}],"version-history":[{"count":0,"href":"https:\/\/hostnetart.com.br\/baixada\/wp-json\/wp\/v2\/posts\/5643\/revisions"}],"wp:featuredmedia":[{"embeddable":true,"href":"https:\/\/hostnetart.com.br\/baixada\/wp-json\/wp\/v2\/media\/5642"}],"wp:attachment":[{"href":"https:\/\/hostnetart.com.br\/baixada\/wp-json\/wp\/v2\/media?parent=5643"}],"wp:term":[{"taxonomy":"category","embeddable":true,"href":"https:\/\/hostnetart.com.br\/baixada\/wp-json\/wp\/v2\/categories?post=5643"},{"taxonomy":"post_tag","embeddable":true,"href":"https:\/\/hostnetart.com.br\/baixada\/wp-json\/wp\/v2\/tags?post=5643"}],"curies":[{"name":"wp","href":"https:\/\/api.w.org\/{rel}","templated":true}]}}