{"id":5641,"date":"2018-11-27T12:35:30","date_gmt":"2018-11-27T14:35:30","guid":{"rendered":"https:\/\/hostnetart.com.br\/baixada\/juventude-sindical-debate-precarizacao-do-emprego\/"},"modified":"2018-11-27T12:35:30","modified_gmt":"2018-11-27T14:35:30","slug":"juventude-sindical-debate-precarizacao-do-emprego","status":"publish","type":"post","link":"https:\/\/hostnetart.com.br\/baixada\/juventude-sindical-debate-precarizacao-do-emprego\/","title":{"rendered":"Juventude sindical debate precariza\u00e7\u00e3o do emprego"},"content":{"rendered":"<div class=\"content\">\n<p>O Comit\u00ea Executivo de Juventude da\u00a0<ins><strong><a href=\"https:\/\/www.uniglobalunion.org\/contact\/uni-americas\" target=\"_blank\" rel=\"noopener noreferrer\">UNI Americas<\/a><\/strong><\/ins>, junto com a\u00a0<strong><ins><a href=\"https:\/\/www.fes.de\/\" target=\"_blank\" rel=\"noopener noreferrer\">Funda\u00e7\u00e3o Friedrich Ebert Stiftung<\/a><\/ins><\/strong>, reuniu-se em Bogot\u00e1, na Col\u00f4mbia, entre os dias 20 e 21 de novembro, com 50 representantes do Brasil, Trinidad e Tobago, Antigua e Barbuda, Rep\u00fablica Dominicana, Santa Lucia, Argentina, Chile, Peru, Col\u00f4mbia, Uruguai e Bahamas para debater sobre a precariza\u00e7\u00e3o do trabalho.<\/p>\n<p>Dados da Organiza\u00e7\u00e3o Internacional do Trabalho (OIT) apontam que, no mundo, cerca de 1,4 bilh\u00e3o de trabalhadores sobreviviam com empregos prec\u00e1rios em 2017, e outros 35 milh\u00f5es dever\u00e3o engrossar essa estat\u00edstica em 2019. Em pa\u00edses em desenvolvimento, como o Brasil, o problema afeta tr\u00eas em cada quatro trabalhadores.<\/p>\n<p>\u201cPrecisamos desenvolver e implantar novas ferramentas e linguagens de comunica\u00e7\u00e3o que nos ajude a organizar a resist\u00eancia contra as novas formas de contrata\u00e7\u00e3o que precarizam o trabalho\u201d, disse a vice-presidenta de Juventude Uni Am\u00e9ricas, Lucimara Malaquias, uma das representantes da Confedera\u00e7\u00e3o Nacional dos Trabalhadores do Ramo Financeiro (Contraf-CUT) na reuni\u00e3o.<\/p>\n<p>Entre as formas de precariza\u00e7\u00e3o do trabalho, Lucimara destacou a \u2018pejotiza\u00e7\u00e3o\u2019, no qual o trabalhador arca com o custo das ferramentas e assume os riscos do trabalho; e o trabalho tempor\u00e1rio, que al\u00e9m de n\u00e3o garantir direitos trabalhistas, n\u00e3o d\u00e1 a possibilidade para que o empregado planeje sua vida no m\u00e9dio e longo prazos, impedindo-o de conseguir financiamento habitacional, por exemplo.<\/p>\n<p><strong>Persegui\u00e7\u00e3o pol\u00edtica<\/strong><br \/>Durante o encontro, os jovens receberam a visita do vice-ministro de Rela\u00e7\u00f5es Trabalhista e Inspe\u00e7\u00e3o da Col\u00f4mbia, Carlos Alberto Baena, e aproveitaram para reivindicar o compromisso do governo colombiano com o fim da persegui\u00e7\u00e3o e assassinatos de l\u00edderes sindicais e de movimentos sociais.<\/p>\n<p>\u201cA Col\u00f4mbia tem um hist\u00f3rico de persegui\u00e7\u00e3o pol\u00edtica e assassinatos de lideran\u00e7as sindicais e demais movimentos sociais. Dados da centrais sindicais colombianas apontam para a morte de um dirigente a cada quatro dias no pa\u00eds. Esses dados s\u00e3o alarmantes. Estamos cobrando a solu\u00e7\u00e3o do governo colombiano e nos comprometemos a denunciar esta situa\u00e7\u00e3o aos organismos internacionais\u201d, disse coordenadora da Rede Uni Juventude Brasil, Katlin Salles, do Sindicato dos Banc\u00e1rios de Curitiba, que tamb\u00e9m representou a Contraf-CUT na reuni\u00e3o.<\/p>\n<p>\u201cGarantir a liberdade sindical \u00e9 condi\u00e7\u00e3o fundamental para garantir a governabilidade democr\u00e1tica e estabelecer a paz social\u201d, concluiu Lucimara Malaquias.<\/p>\n<p><strong>Leia tamb\u00e9m:<\/strong><br \/>\u00a0\u00a0\u00a0\u00a0\u00a0<strong>&gt;<\/strong>\u00a0<ins><em><a href=\"http:\/\/www.contrafcut.org.br\/noticias\/juventude-e-pautada-5-congresso-global-da-uni-42a4\/\" target=\"_blank\" rel=\"noopener noreferrer\">Juventude \u00e9 tema do 5\u00aa Congresso Global da UNI<\/a><\/em><\/ins><br \/>\u00a0\u00a0\u00a0\u00a0\u00a0<strong>&gt;<\/strong>\u00a0<ins><em><a href=\"http:\/\/spbancarios.com.br\/11\/2018\/vagas-precarias-e-automacao-vao-eliminar-milhoes-de-empregos\" target=\"_blank\" rel=\"noopener noreferrer\">Vagas prec\u00e1rias e automa\u00e7\u00e3o v\u00e3o eliminar milh\u00f5es de empregos<\/a><\/em><\/ins><br \/>\u00a0\u00a0\u00a0\u00a0\u00a0<strong>&gt;<\/strong>\u00a0<ins><em><a href=\"http:\/\/www.contrafcut.org.br\/noticias\/uni-juventude-brasil-promove-sua-segunda-oficina-de-formacao-23c7\/\" target=\"_blank\" rel=\"noopener noreferrer\">Uni Juventude Brasil promove sua segunda oficina de forma\u00e7\u00e3o<\/a><\/em><\/ins><br \/>\u00a0\u00a0\u00a0\u00a0\u00a0<strong>&gt;<\/strong>\u00a0<ins><em><a href=\"http:\/\/www.contrafcut.org.br\/noticias\/uni-juventude-brasil-repudia-retirada-de-direitos-na-america-latina-abc0\/\" target=\"_blank\" rel=\"noopener noreferrer\">Uni Juventude Brasil repudia retirada de direitos na Am\u00e9rica Latina<\/a><\/em><\/ins><br \/>\u00a0\u00a0\u00a0\u00a0\u00a0<strong>&gt;<\/strong>\u00a0<ins><em><a href=\"http:\/\/www.contrafcut.org.br\/noticias\/contraf-cut-participa-de-1-encontro-do-projeto-educacao-sindical-e-organizacao-d-3209\/\" target=\"_blank\" rel=\"noopener noreferrer\">Contraf-CUT participa de 1\u00ba Encontro do Projeto Educa\u00e7\u00e3o Sindical e Organiza\u00e7\u00e3o de Jovens Trabalhadores e Trabalhadoras no Brasil<\/a><\/em><\/ins><\/p>\n<\/div>\n<p id=\"page-author\"><span style=\"text-decoration: underline;\"><strong>Fonte: Contraf-CUT<\/strong><\/span><\/p>\n","protected":false},"excerpt":{"rendered":"<p>O Comit\u00ea Executivo de Juventude da\u00a0UNI Americas, junto com a\u00a0Funda\u00e7\u00e3o Friedrich Ebert Stiftung, reuniu-se em Bogot\u00e1, na Col\u00f4mbia, entre os dias 20 e 21 de novembro, com 50 representantes do Brasil, Trinidad e Tobago, Antigua e Barbuda, Rep\u00fablica Dominicana, Santa Lucia, Argentina, Chile, Peru, Col\u00f4mbia, Uruguai e Bahamas para debater sobre a precariza\u00e7\u00e3o do trabalho. [&hellip;]<\/p>\n","protected":false},"author":2,"featured_media":5640,"comment_status":"","ping_status":"","sticky":false,"template":"","format":"standard","meta":{"footnotes":""},"categories":[3],"tags":[],"class_list":["post-5641","post","type-post","status-publish","format-standard","has-post-thumbnail","hentry","category-noticias"],"_links":{"self":[{"href":"https:\/\/hostnetart.com.br\/baixada\/wp-json\/wp\/v2\/posts\/5641","targetHints":{"allow":["GET"]}}],"collection":[{"href":"https:\/\/hostnetart.com.br\/baixada\/wp-json\/wp\/v2\/posts"}],"about":[{"href":"https:\/\/hostnetart.com.br\/baixada\/wp-json\/wp\/v2\/types\/post"}],"author":[{"embeddable":true,"href":"https:\/\/hostnetart.com.br\/baixada\/wp-json\/wp\/v2\/users\/2"}],"replies":[{"embeddable":true,"href":"https:\/\/hostnetart.com.br\/baixada\/wp-json\/wp\/v2\/comments?post=5641"}],"version-history":[{"count":0,"href":"https:\/\/hostnetart.com.br\/baixada\/wp-json\/wp\/v2\/posts\/5641\/revisions"}],"wp:featuredmedia":[{"embeddable":true,"href":"https:\/\/hostnetart.com.br\/baixada\/wp-json\/wp\/v2\/media\/5640"}],"wp:attachment":[{"href":"https:\/\/hostnetart.com.br\/baixada\/wp-json\/wp\/v2\/media?parent=5641"}],"wp:term":[{"taxonomy":"category","embeddable":true,"href":"https:\/\/hostnetart.com.br\/baixada\/wp-json\/wp\/v2\/categories?post=5641"},{"taxonomy":"post_tag","embeddable":true,"href":"https:\/\/hostnetart.com.br\/baixada\/wp-json\/wp\/v2\/tags?post=5641"}],"curies":[{"name":"wp","href":"https:\/\/api.w.org\/{rel}","templated":true}]}}