{"id":5639,"date":"2018-11-27T12:34:47","date_gmt":"2018-11-27T14:34:47","guid":{"rendered":"https:\/\/hostnetart.com.br\/baixada\/16-dias-de-ativismo-a-nao-violencia-contra-a-mulher\/"},"modified":"2018-11-27T12:34:47","modified_gmt":"2018-11-27T14:34:47","slug":"16-dias-de-ativismo-a-nao-violencia-contra-a-mulher","status":"publish","type":"post","link":"https:\/\/hostnetart.com.br\/baixada\/16-dias-de-ativismo-a-nao-violencia-contra-a-mulher\/","title":{"rendered":"16 dias de ativismo \u00e0 n\u00e3o viol\u00eancia contra a mulher"},"content":{"rendered":"<div class=\"content\">\n<p>A partir de 1\u00b0 de janeiro de 2019 o Brasil come\u00e7ar\u00e1 um novo ciclo de sua hist\u00f3ria. Inaugurado com o impeachment da presidenta Dilma Rousseff, em 2016, e confirmado com a elei\u00e7\u00e3o de Jair Bolsonaro em 2018, este ciclo tende a se aprofundar \u2013 impondo mais perdas de direitos sociais e trabalhistas para a classe trabalhadora e popula\u00e7\u00e3o mais pobre.<\/p>\n<p>A intoler\u00e2ncia presenciada nos \u00faltimos anos e que foi potencializada no per\u00edodo eleitoral com ataques \u00e0s pessoas que pensam diferente da \u201cnova ordem vigente\u201d tende a aumentar.<\/p>\n<p>Em seu site, a Central \u00danica dos Trabalhadores (CUT), repudiou o retrocesso ocorrido no pa\u00eds. \u201cN\u00e3o aceitaremos a volta \u00e0 Idade M\u00e9dia em que mulheres, \u2018bruxas\u2019, que questionavam a ordem vigente foram levadas a fogueira. Nossas a\u00e7\u00f5es se dar\u00e3o na resist\u00eancia contra a ofensiva da retirada de direitos e continuaremos a nos insurgir nas ruas contra a viol\u00eancia que tende a aumentar com a v\u00eania de um governo que ganhou as elei\u00e7\u00f5es com um falso discurso de \u2018combate \u00e0 corrup\u00e7\u00e3o e a viol\u00eancia\u2019\u201d, de acordo com o texto.<\/p>\n<p>Dentro desse contexto, as mulheres s\u00e3o as mais afetadas. Seja pelo desemprego ou subemprego, &#8211; e quando empregada, submetida a trabalhar em locais insalubres mesmo no per\u00edodo de gesta\u00e7\u00e3o e amamenta\u00e7\u00e3o.<\/p>\n<p>\u00a0Veja a mat\u00e9ria completa\u00a0<a href=\"https:\/\/www.cut.org.br\/noticias\/16-dias-de-ativismo-a-nao-violencia-contra-a-mulher-0f8c\">aqui<\/a>.<\/p>\n<\/div>\n<p id=\"page-author\"><strong>Fonte: CUT Nacional<\/strong><\/p>\n","protected":false},"excerpt":{"rendered":"<p>A partir de 1\u00b0 de janeiro de 2019 o Brasil come\u00e7ar\u00e1 um novo ciclo de sua hist\u00f3ria. Inaugurado com o impeachment da presidenta Dilma Rousseff, em 2016, e confirmado com a elei\u00e7\u00e3o de Jair Bolsonaro em 2018, este ciclo tende a se aprofundar \u2013 impondo mais perdas de direitos sociais e trabalhistas para a classe [&hellip;]<\/p>\n","protected":false},"author":2,"featured_media":5638,"comment_status":"","ping_status":"","sticky":false,"template":"","format":"standard","meta":{"footnotes":""},"categories":[3],"tags":[],"class_list":["post-5639","post","type-post","status-publish","format-standard","has-post-thumbnail","hentry","category-noticias"],"_links":{"self":[{"href":"https:\/\/hostnetart.com.br\/baixada\/wp-json\/wp\/v2\/posts\/5639","targetHints":{"allow":["GET"]}}],"collection":[{"href":"https:\/\/hostnetart.com.br\/baixada\/wp-json\/wp\/v2\/posts"}],"about":[{"href":"https:\/\/hostnetart.com.br\/baixada\/wp-json\/wp\/v2\/types\/post"}],"author":[{"embeddable":true,"href":"https:\/\/hostnetart.com.br\/baixada\/wp-json\/wp\/v2\/users\/2"}],"replies":[{"embeddable":true,"href":"https:\/\/hostnetart.com.br\/baixada\/wp-json\/wp\/v2\/comments?post=5639"}],"version-history":[{"count":0,"href":"https:\/\/hostnetart.com.br\/baixada\/wp-json\/wp\/v2\/posts\/5639\/revisions"}],"wp:featuredmedia":[{"embeddable":true,"href":"https:\/\/hostnetart.com.br\/baixada\/wp-json\/wp\/v2\/media\/5638"}],"wp:attachment":[{"href":"https:\/\/hostnetart.com.br\/baixada\/wp-json\/wp\/v2\/media?parent=5639"}],"wp:term":[{"taxonomy":"category","embeddable":true,"href":"https:\/\/hostnetart.com.br\/baixada\/wp-json\/wp\/v2\/categories?post=5639"},{"taxonomy":"post_tag","embeddable":true,"href":"https:\/\/hostnetart.com.br\/baixada\/wp-json\/wp\/v2\/tags?post=5639"}],"curies":[{"name":"wp","href":"https:\/\/api.w.org\/{rel}","templated":true}]}}