{"id":5637,"date":"2018-11-27T12:33:11","date_gmt":"2018-11-27T14:33:11","guid":{"rendered":"https:\/\/hostnetart.com.br\/baixada\/leilao-da-lotex-e-adiado-para-2019\/"},"modified":"2018-11-27T12:33:11","modified_gmt":"2018-11-27T14:33:11","slug":"leilao-da-lotex-e-adiado-para-2019","status":"publish","type":"post","link":"https:\/\/hostnetart.com.br\/baixada\/leilao-da-lotex-e-adiado-para-2019\/","title":{"rendered":"Leil\u00e3o da Lotex \u00e9 adiado para 2019"},"content":{"rendered":"<div class=\"content\">\n<p>O leil\u00e3o da Lotex, as Loterias Instant\u00e2neas da Caixa, marcado para o pr\u00f3ximo dia 29, foi mais uma vez adiado. A expectativa agora \u00e9 de que ocorra apenas no ano que vem, no m\u00eas de fevereiro. Esta j\u00e1 \u00e9 a segunda vez que o governo tenta efetivar a venda da Lotex, que integra o Programa Nacional de Desestatiza\u00e7\u00e3o.<\/p>\n<p>O adiamento, avalia a representante dos empregados no CA da Caixa e coordenadora do Comit\u00ea Nacional em Defesa das Empresas P\u00fablicas, Rita Serrano, amplia o tempo para a realiza\u00e7\u00e3o de iniciativas de resist\u00eancia, que j\u00e1 v\u00eam ocorrendo. \u201c\u00c9 uma conquista e nos anima a prosseguir com a mobiliza\u00e7\u00e3o contra a privatiza\u00e7\u00e3o. A venda da Lotex representa uma perda imensa para os brasileiros, j\u00e1 que arrecada\u00e7\u00e3o \u00e9 alta e boa parte \u00e9 investida em programas sociais\u201d, explica.<\/p>\n<p>S\u00f3 no primeiro semestre deste ano as Loterias Caixa arrecadaram R$ 6,5 bilh\u00f5es. Desse valor aproximadamente R$ 2,4 bilh\u00f5es foram transferidos para programas sociais nas \u00e1reas de seguridade social, esporte, cultura, seguran\u00e7a p\u00fablica e sa\u00fade, correspondendo a 37,6% do total.<\/p>\n<p>O valor m\u00ednimo do leil\u00e3o est\u00e1 estimado em R$ 542 milh\u00f5es, com a vantagem de o pagamento ser parcelado em at\u00e9 4 vezes. O governo mant\u00e9m a decis\u00e3o de que a Caixa n\u00e3o dever\u00e1 participar do leil\u00e3o. O Comit\u00ea Nacional em Defesa das Empresas P\u00fablicas e a Fenae j\u00e1 denunciaram, com base em an\u00e1lise jur\u00eddica, que a exclus\u00e3o da Caixa do processo contraria o interesse p\u00fablico e a economia popular.<\/p>\n<\/div>\n<p id=\"page-author\"><strong>Fonte: Contraf-CUT<\/strong><\/p>\n","protected":false},"excerpt":{"rendered":"<p>O leil\u00e3o da Lotex, as Loterias Instant\u00e2neas da Caixa, marcado para o pr\u00f3ximo dia 29, foi mais uma vez adiado. A expectativa agora \u00e9 de que ocorra apenas no ano que vem, no m\u00eas de fevereiro. Esta j\u00e1 \u00e9 a segunda vez que o governo tenta efetivar a venda da Lotex, que integra o Programa [&hellip;]<\/p>\n","protected":false},"author":2,"featured_media":5636,"comment_status":"","ping_status":"","sticky":false,"template":"","format":"standard","meta":{"footnotes":""},"categories":[3],"tags":[],"class_list":["post-5637","post","type-post","status-publish","format-standard","has-post-thumbnail","hentry","category-noticias"],"_links":{"self":[{"href":"https:\/\/hostnetart.com.br\/baixada\/wp-json\/wp\/v2\/posts\/5637","targetHints":{"allow":["GET"]}}],"collection":[{"href":"https:\/\/hostnetart.com.br\/baixada\/wp-json\/wp\/v2\/posts"}],"about":[{"href":"https:\/\/hostnetart.com.br\/baixada\/wp-json\/wp\/v2\/types\/post"}],"author":[{"embeddable":true,"href":"https:\/\/hostnetart.com.br\/baixada\/wp-json\/wp\/v2\/users\/2"}],"replies":[{"embeddable":true,"href":"https:\/\/hostnetart.com.br\/baixada\/wp-json\/wp\/v2\/comments?post=5637"}],"version-history":[{"count":0,"href":"https:\/\/hostnetart.com.br\/baixada\/wp-json\/wp\/v2\/posts\/5637\/revisions"}],"wp:featuredmedia":[{"embeddable":true,"href":"https:\/\/hostnetart.com.br\/baixada\/wp-json\/wp\/v2\/media\/5636"}],"wp:attachment":[{"href":"https:\/\/hostnetart.com.br\/baixada\/wp-json\/wp\/v2\/media?parent=5637"}],"wp:term":[{"taxonomy":"category","embeddable":true,"href":"https:\/\/hostnetart.com.br\/baixada\/wp-json\/wp\/v2\/categories?post=5637"},{"taxonomy":"post_tag","embeddable":true,"href":"https:\/\/hostnetart.com.br\/baixada\/wp-json\/wp\/v2\/tags?post=5637"}],"curies":[{"name":"wp","href":"https:\/\/api.w.org\/{rel}","templated":true}]}}