{"id":5631,"date":"2018-11-23T17:47:00","date_gmt":"2018-11-23T19:47:00","guid":{"rendered":"https:\/\/hostnetart.com.br\/baixada\/25-de-novembro-e-o-dia-internacional-de-combate-a-violencia-contra-mulher\/"},"modified":"2018-11-23T17:47:00","modified_gmt":"2018-11-23T19:47:00","slug":"25-de-novembro-e-o-dia-internacional-de-combate-a-violencia-contra-mulher","status":"publish","type":"post","link":"https:\/\/hostnetart.com.br\/baixada\/25-de-novembro-e-o-dia-internacional-de-combate-a-violencia-contra-mulher\/","title":{"rendered":"25 de novembro \u00e9 o Dia Internacional de Combate \u00e0 Viol\u00eancia Contra Mulher"},"content":{"rendered":"<div class=\"content\">\n<p>25 de novembro \u00e9 o Dia internacional de Combate \u00e0 Viol\u00eancia Contra as Mulheres. A data ficou conhecida mundialmente por conta do epis\u00f3dio ocorrido, em 1960, com as irm\u00e3s dominicanas P\u00e1tria, Minerva e Maria Teresa, conhecidas como \u201cLas Mariposas\u201d, que lutavam por solu\u00e7\u00f5es para problemas sociais de seus pais e foram perseguidas, diversas vezes presas, at\u00e9 serem brutalmente assassinadas por agentes do governo militar.\u00a0<br \/>O dia foi escolhido durante o I Encontro Feminista da Am\u00e9rica Latina e do Caribe, realizado em Bogot\u00e1, na Col\u00f4mbia, em 1981, em homenagem as tr\u00eas irm\u00e3s ativistas pol\u00edticas e como inspira\u00e7\u00e3o para a luta por mais justi\u00e7a social e por um mundo sem viol\u00eancia contra a mulher.\u00a0<br \/>Para a secret\u00e1ria da Mulher da Contraf-CUT, Elaine Cutis, a data \u00e9 de conscientiza\u00e7\u00e3o, de luta, de mobiliza\u00e7\u00e3o. \u201cInfelizmente, os n\u00fameros de viol\u00eancia praticada contra as mulheres s\u00e3o alarmantes e eles s\u00f3 crescem. O crime cometido contra Marielle Franco \u00e9 mais um exemplo de como casos como esses est\u00e3o se tornando recorrentes e que as mulheres precisam se unir e gritar: \u201cbasta\u201d para tanta viol\u00eancia\u201d.\u00a0<br \/>A viol\u00eancia contra a mulher no Brasil \u00e9 cada vez mais preocupante. Os altos \u00edndices de feminic\u00eddios registrados, no Mapa da Viol\u00eancia de 2015: Homic\u00eddio de Mulheres no Brasil, mostram que o pa\u00eds tem a quinta maior taxa de homic\u00eddio de mulheres do mundo (conforme dados da OMS que analisou 83 pa\u00edses).\u00a0<br \/>Apenas em 2013, foram registrados 4,8 homic\u00eddios a cada grupo de 100 mil mulheres. \u00a0<br \/>Quando comparados por ra\u00e7a, esses n\u00fameros se tornam ainda mais alarmantes. O n\u00famero de homic\u00eddios contra mulheres negras aumentou 54% entre 2003 e 2013. J\u00e1 o n\u00famero de homic\u00eddios de mulheres brancas caiu 9,8% no mesmo per\u00edodo.<br \/>O Mapa da Viol\u00eancia aponta, ainda, que 55,3% desses crimes foram cometidos no ambiente dom\u00e9stico e 33,2% foram cometidos pelos parceiros ou ex-parceiros das v\u00edtimas.<br \/>\u201cEsses dados comprovam o quanto as mulheres, principalmente as negras e l\u00e9sbicas, s\u00e3o v\u00edtimas da viol\u00eancia. \u00c9 fundamental que as mulheres n\u00e3o se calem e denunciem qualquer tipo de agress\u00e3o ou discrimina\u00e7\u00e3o\u201d, finalizou Elaine Cutis.<\/p>\n<p><strong>Impactos das pol\u00edticas de austeridades na viol\u00eancia contra a mulher\u00a0<\/strong><\/p>\n<p>Para Elaine Cutis, o corte de investimentos, promovido pelo atual governo, contribuiu para o crescimento dos casos de viol\u00eancia contra a mulher. \u201cEnquanto a viol\u00eancia contra a mulher s\u00f3 aumenta, o governo atual reduziu o or\u00e7amento para pol\u00edticas p\u00fablicas voltadas para mulheres. Isso mostra qu\u00e3o grande \u00e9 o descaso dos governantes sobre o assunto\u201d, comentou.<br \/>De acordo com a pesquisa, realizada pela Universidade Estadual de Campinas (Unicamp), em agosto de 2018, o corte no or\u00e7amento foi de 83% para pol\u00edticas para mulheres e enfrentamento \u00e0 viol\u00eancia, 16% para inclus\u00e3o social por meio do bolsa fam\u00edlia, 71,3% para igualdade racial e supera\u00e7\u00e3o do racismo, 95,6% para os direitos da juventude, 57,9 para a promo\u00e7\u00e3o e defesa dos direitos humanos.\u00a0<br \/>\u201cIsso inviabiliza qualquer tentativa de promo\u00e7\u00e3o e defesa dos direitos sociais, al\u00e9m de favorecer o descaso e incentivar mais situa\u00e7\u00f5es constrangedoras para as mulheres. N\u00e3o podemos deixar que tirem os nossos direitos de viver com dignidade e numa sociedade que seja extinta de qualquer tipo de viol\u00eancia. Para isso, precisamos do apoio do governo e promover pol\u00edticas sociais e de apoio \u00e0s mulheres\u201d, disse.<\/p>\n<\/div>\n<p id=\"page-author\"><span style=\"text-decoration: underline;\"><em><strong>Fonte: Contraf-CUT<\/strong><\/em><\/span><\/p>\n","protected":false},"excerpt":{"rendered":"<p>25 de novembro \u00e9 o Dia internacional de Combate \u00e0 Viol\u00eancia Contra as Mulheres. A data ficou conhecida mundialmente por conta do epis\u00f3dio ocorrido, em 1960, com as irm\u00e3s dominicanas P\u00e1tria, Minerva e Maria Teresa, conhecidas como \u201cLas Mariposas\u201d, que lutavam por solu\u00e7\u00f5es para problemas sociais de seus pais e foram perseguidas, diversas vezes presas, [&hellip;]<\/p>\n","protected":false},"author":2,"featured_media":5630,"comment_status":"","ping_status":"","sticky":false,"template":"","format":"standard","meta":{"footnotes":""},"categories":[3],"tags":[],"class_list":["post-5631","post","type-post","status-publish","format-standard","has-post-thumbnail","hentry","category-noticias"],"_links":{"self":[{"href":"https:\/\/hostnetart.com.br\/baixada\/wp-json\/wp\/v2\/posts\/5631","targetHints":{"allow":["GET"]}}],"collection":[{"href":"https:\/\/hostnetart.com.br\/baixada\/wp-json\/wp\/v2\/posts"}],"about":[{"href":"https:\/\/hostnetart.com.br\/baixada\/wp-json\/wp\/v2\/types\/post"}],"author":[{"embeddable":true,"href":"https:\/\/hostnetart.com.br\/baixada\/wp-json\/wp\/v2\/users\/2"}],"replies":[{"embeddable":true,"href":"https:\/\/hostnetart.com.br\/baixada\/wp-json\/wp\/v2\/comments?post=5631"}],"version-history":[{"count":0,"href":"https:\/\/hostnetart.com.br\/baixada\/wp-json\/wp\/v2\/posts\/5631\/revisions"}],"wp:featuredmedia":[{"embeddable":true,"href":"https:\/\/hostnetart.com.br\/baixada\/wp-json\/wp\/v2\/media\/5630"}],"wp:attachment":[{"href":"https:\/\/hostnetart.com.br\/baixada\/wp-json\/wp\/v2\/media?parent=5631"}],"wp:term":[{"taxonomy":"category","embeddable":true,"href":"https:\/\/hostnetart.com.br\/baixada\/wp-json\/wp\/v2\/categories?post=5631"},{"taxonomy":"post_tag","embeddable":true,"href":"https:\/\/hostnetart.com.br\/baixada\/wp-json\/wp\/v2\/tags?post=5631"}],"curies":[{"name":"wp","href":"https:\/\/api.w.org\/{rel}","templated":true}]}}