{"id":5629,"date":"2018-11-23T16:41:01","date_gmt":"2018-11-23T18:41:01","guid":{"rendered":"https:\/\/hostnetart.com.br\/baixada\/vagner-freitas-desvalorizar-salario-minimo-e-aposentadorias-agravara-crise-social\/"},"modified":"2018-11-23T16:41:01","modified_gmt":"2018-11-23T18:41:01","slug":"vagner-freitas-desvalorizar-salario-minimo-e-aposentadorias-agravara-crise-social","status":"publish","type":"post","link":"https:\/\/hostnetart.com.br\/baixada\/vagner-freitas-desvalorizar-salario-minimo-e-aposentadorias-agravara-crise-social\/","title":{"rendered":"Vagner Freitas: Desvalorizar sal\u00e1rio m\u00ednimo e aposentadorias agravar\u00e1 crise social"},"content":{"rendered":"<p class=\" \">\u201cSe Mansueto e\u00a0<strong>Bolsonaro<\/strong>\u00a0acabarem com a\u00a0<strong>pol\u00edtica de valoriza\u00e7\u00e3o do sal\u00e1rio m\u00ednimo<\/strong>\u00a0e a\u00a0<strong>Previd\u00eancia<\/strong>, significa o fim econ\u00f4mico da maioria das cidades brasileiros de menos de 100 mil habitantes.\u201d\u00a0A avalia\u00e7\u00e3o \u00e9 do presidente da CUT,\u00a0<strong>Vagner Freitas<\/strong>, em entrevista \u00e0\u00a0<strong><a class=\"internal-link\" title=\"\" href=\"https:\/\/www.redebrasilatual.com.br\/radio\" target=\"_blank\" rel=\"noopener noreferrer\">R\u00e1dio Brasil Atual<\/a><\/strong>\u00a0na tarde desta quinta-feira (22). Ele trata das propostas apresentadas pelo presidente eleito, Jair Bolsonaro, e pelo secret\u00e1rio do Tesouro Nacional, Mansueto Almeida, que podem agravar ainda mais a j\u00e1 conturbada realidade brasileira. Cerca de 70% dos munic\u00edpios do pa\u00eds (3.875 cidades) t\u00eam como maior fonte de renda os benef\u00edcios pagos pela Previd\u00eancia Social, muitos deles com base no sal\u00e1rio m\u00ednimo.<\/p>\n<p class=\" \">\u201cN\u00e3o t\u00eam (essas cidades) uma economia que gire por si s\u00f3, s\u00e3o lugares onde pais e filhos est\u00e3o desempregados e o av\u00f4 acaba sendo arrimo de fam\u00edlia. Ou onde os empregados ganham hoje sal\u00e1rio m\u00ednimo valorizado. Some-se essas duas coisas e (o fim delas) pode criar uma crise econ\u00f4mica generalizada para a maioria do interior do Brasil, que vai gerar mais desemprego, mais idas do interior para a capital, mais crise nas grandes cidades, mais viol\u00eancia, inseguran\u00e7a, mais crise social.\u201d<\/p>\n<p class=\" \">A entrevista do presidente da CUT foi concedida nesta tarde, ap\u00f3s o\u00a0<a class=\"internal-link\" title=\"\" href=\"https:\/\/www.redebrasilatual.com.br\/politica\/2018\/11\/atos-serao-realizados-pelo-pais-em-defesa-da-previdencia-e-seguridade-social\" target=\"_blank\" rel=\"noopener noreferrer\">Dia Nacional de Mobiliza\u00e7\u00e3o em Defesa da Previd\u00eancia e da Seguridade Social<\/a>. Para o dirigente sindical, que \u00e9 banc\u00e1rio do Bradesco, toda essa pol\u00edtica de retirada de direitos trabalhistas e sociais \u2013 colocada em pr\u00e1tica pelo governo de Michel Temer e mantida por Bolsonaro \u2013 tem de ser desmascarada. \u201cVieram para adequar o Brasil aos interesses dos patr\u00f5es, das multinacionais, e n\u00e3o aos interesses da popula\u00e7\u00e3o.\u201d<\/p>\n<p class=\" \">Por isso o dia de luta. \u201cFoi um &#8216;esquenta&#8217;, um alerta, um in\u00edcio de um processo de conscientiza\u00e7\u00e3o dos trabalhadores brasileiros sobre as propostas nefastas que o governo que vai tomar posse herdou do governo Temer.\u201d<\/p>\n<p class=\" \">Esse\u00a0\u201cprocesso de aquecimento\u201d\u00a0trata de uma\u00a0<a class=\"external-link\" title=\"\" href=\"https:\/\/www.dieese.org.br\/documentossindicais\/documentosSindicais.html\" target=\"_blank\" rel=\"noopener noreferrer\">Campanha Permanente em Defesa da Previd\u00eancia<\/a>, na qual CUT, For\u00e7a Sindical, CTB, Intersindical, CSB, CSP-Conlutas, NCST, UGT e CGTB est\u00e3o unificadas.<\/p>\n<p class=\" \">\u201c\u00c9 extremamente importante a unifica\u00e7\u00e3o das centrais e movimentos sociais\u201d, classifica Vagner Freitas. \u201cA grande vantagem de um momento t\u00e3o dif\u00edcil que estamos vivendo com a ascens\u00e3o da extrema direita ao poder no Brasil \u00e9 a unidade na base dos trabalhadores, que n\u00e3o fazem parte da estrat\u00e9gia desse governo, nem econ\u00f4mica, nem social, nem pol\u00edtica.\u201d<\/p>\n<p class=\" \">Vagner refor\u00e7a que a unidade das centrais ser\u00e1 no sentido de defender qualquer pauta que retire direitos. \u201cMas desde que chegue \u00e0 consci\u00eancia do trabalhador que foi massacrado por uma proposta mentirosa e envolveu uma parcela que acabou votando nele.\u201d<\/p>\n<p class=\" \">O dirigente considera que houve um \u201cmassacre midi\u00e1tico\u201d na elei\u00e7\u00e3o de Bolsonaro. \u201cE com instrumentos at\u00e9 bastante question\u00e1veis que facilitaram sua elei\u00e7\u00e3o e que levaram alguns trabalhadores a acreditar que o governo que vai tomar posse pode trazer solu\u00e7\u00f5es pol\u00edticas para a crise econ\u00f4mica e de emprego que eles sofrem. E n\u00e3o \u00e9 o que vai acontecer. N\u00f3s alertamos isso durante a campanha\u201d, afirma, lembrando que as primeiras medidas anunciadas demonstram que o novo governo \u00e9 \u201canti-trabalhadores, antissindical e absolutamente controlado pelo interesse dos patr\u00f5es\u201d.<\/p>\n<h3 class=\" \">Sem intimida\u00e7\u00e3o<\/h3>\n<p class=\" \">Nesse cen\u00e1rio, avisa, a Central \u00danica dos Trabalhadores \u201cvai continuar cumprindo seu papel hist\u00f3rico: fazer oposi\u00e7\u00e3o ou dar apoio de acordo com as atitudes que o governo tem\u201d.<\/p>\n<p class=\" \">Lamentando a elei\u00e7\u00e3o de Bolsonaro, o presidente da CUT afirma que n\u00e3o torce contra e espera que as coisas deem certo. \u201cMas as primeiras medidas e a constru\u00e7\u00e3o fundamentalmente ideol\u00f3gica desse governo demonstram que vai retirar direitos dos trabalhadores dos setores p\u00fablico e privado\u201d, critica. \u201cE vai retirar recursos das \u00e1reas sociais, de educa\u00e7\u00e3o, sa\u00fade, transporte, seguran\u00e7a, como j\u00e1 fez o Temer.\u201d<\/p>\n<p class=\" \">A maior central sindical do Brasil estar\u00e1 contra as pol\u00edticas de Bolsonaro que representarem amea\u00e7as aos direitos dos trabalhadores, avisa Vagner. \u201cE vamos propor o que achamos correto tanto de pol\u00edtica econ\u00f4mica, quanto de gera\u00e7\u00e3o de emprego e renda. O que a CUT jamais vai deixar de fazer \u00e9 deixar de defender os trabalhadores e organiz\u00e1-los para que eles pr\u00f3prios defendam seus direitos e n\u00e3o sejam prejudicados. Vamos continuar acreditando, esmorecer jamais e nunca deixando que nenhuma proposta de viol\u00eancia venha a nos intimidar.\u201d<\/p>\n<p class=\" \">\u00a0<\/p>\n<p class=\" \"><strong>Fonte: Rede Brasil Atual<\/strong><\/p>\n","protected":false},"excerpt":{"rendered":"<p>\u201cSe Mansueto e\u00a0Bolsonaro\u00a0acabarem com a\u00a0pol\u00edtica de valoriza\u00e7\u00e3o do sal\u00e1rio m\u00ednimo\u00a0e a\u00a0Previd\u00eancia, significa o fim econ\u00f4mico da maioria das cidades brasileiros de menos de 100 mil habitantes.\u201d\u00a0A avalia\u00e7\u00e3o \u00e9 do presidente da CUT,\u00a0Vagner Freitas, em entrevista \u00e0\u00a0R\u00e1dio Brasil Atual\u00a0na tarde desta quinta-feira (22). Ele trata das propostas apresentadas pelo presidente eleito, Jair Bolsonaro, e pelo secret\u00e1rio [&hellip;]<\/p>\n","protected":false},"author":2,"featured_media":5628,"comment_status":"","ping_status":"","sticky":false,"template":"","format":"standard","meta":{"footnotes":""},"categories":[3],"tags":[],"class_list":["post-5629","post","type-post","status-publish","format-standard","has-post-thumbnail","hentry","category-noticias"],"_links":{"self":[{"href":"https:\/\/hostnetart.com.br\/baixada\/wp-json\/wp\/v2\/posts\/5629","targetHints":{"allow":["GET"]}}],"collection":[{"href":"https:\/\/hostnetart.com.br\/baixada\/wp-json\/wp\/v2\/posts"}],"about":[{"href":"https:\/\/hostnetart.com.br\/baixada\/wp-json\/wp\/v2\/types\/post"}],"author":[{"embeddable":true,"href":"https:\/\/hostnetart.com.br\/baixada\/wp-json\/wp\/v2\/users\/2"}],"replies":[{"embeddable":true,"href":"https:\/\/hostnetart.com.br\/baixada\/wp-json\/wp\/v2\/comments?post=5629"}],"version-history":[{"count":0,"href":"https:\/\/hostnetart.com.br\/baixada\/wp-json\/wp\/v2\/posts\/5629\/revisions"}],"wp:featuredmedia":[{"embeddable":true,"href":"https:\/\/hostnetart.com.br\/baixada\/wp-json\/wp\/v2\/media\/5628"}],"wp:attachment":[{"href":"https:\/\/hostnetart.com.br\/baixada\/wp-json\/wp\/v2\/media?parent=5629"}],"wp:term":[{"taxonomy":"category","embeddable":true,"href":"https:\/\/hostnetart.com.br\/baixada\/wp-json\/wp\/v2\/categories?post=5629"},{"taxonomy":"post_tag","embeddable":true,"href":"https:\/\/hostnetart.com.br\/baixada\/wp-json\/wp\/v2\/tags?post=5629"}],"curies":[{"name":"wp","href":"https:\/\/api.w.org\/{rel}","templated":true}]}}