{"id":5625,"date":"2018-11-23T15:43:59","date_gmt":"2018-11-23T17:43:59","guid":{"rendered":"https:\/\/hostnetart.com.br\/baixada\/caixa-reducao-de-pessoal-tende-a-aumentar-casos-de-adoecimentos\/"},"modified":"2018-11-23T15:43:59","modified_gmt":"2018-11-23T17:43:59","slug":"caixa-reducao-de-pessoal-tende-a-aumentar-casos-de-adoecimentos","status":"publish","type":"post","link":"https:\/\/hostnetart.com.br\/baixada\/caixa-reducao-de-pessoal-tende-a-aumentar-casos-de-adoecimentos\/","title":{"rendered":"Caixa: Redu\u00e7\u00e3o de pessoal tende a aumentar casos de adoecimentos"},"content":{"rendered":"<div class=\"content\">\n<p>A Caixa Econ\u00f4mica Federal emitiu nesta quinta-feira (22) um comunicado interno avisando seus empregados da Reabertura Programa de Desligamento de Empregado (PDE). O objetivo \u00e9 desligar at\u00e9 1.626 empregados.<\/p>\n<p>Segundo o comunicado, o PDE tem o objetivo de dar suporte financeiro aos empregados que queiram se desligar do banco. Quem tiver interesse deve aderir ao programa entre os dias 26 e 30 de novembro, mas o banco tem a prerrogativa de aceitar, ou n\u00e3o, o pedido.<\/p>\n<p>\u201cN\u00e3o cabe a n\u00f3s interferir na decis\u00e3o do empregado que tiver interesse em aderir ao programa. Nossa preocupa\u00e7\u00e3o \u00e9 com aqueles que v\u00e3o permanecer no banco, pois aumentar\u00e1 a sobrecarga de trabalho e isso, com certeza, aumentar\u00e1 ainda mais o n\u00famero de adoecimentos\u201d, observou a secret\u00e1ria de cultura e representante da Confedera\u00e7\u00e3o Nacional dos Trabalhadores do Ramo Financeiro (Contraf-CUT) na mesa de negocia\u00e7\u00f5es com o banco, Fabiana Uehara Proscholdt.<\/p>\n<p>A\u00a0<ins><strong><a href=\"https:\/\/www.fenae.org.br\/portal\/data\/files\/B2\/80\/04\/6C\/C011661053622066403A91A8\/Apresentacao%20-%20Saude%20do%20Trabalhador%20da%20Caixa_FENAE_SETEMBRO2018.pdf\" target=\"_blank\" rel=\"noopener noreferrer\">pesquisa \u201cSa\u00fade do Trabalhador da Caixa\u201d<\/a><\/strong><\/ins>, realizada pela FSB Pesquisas, entre os dias 2 e 30 de maio de 2018, a pedido da Federa\u00e7\u00e3o Nacional dos Associados da Caixa Econ\u00f4mica Federal (Fenae), que um em cada tr\u00eas empregados da Caixa teve algum problema de sa\u00fade relacionado ao trabalho nos \u00faltimos 12 meses. As doen\u00e7as psicol\u00f3gicas e causadas por estresse representam 60,5% dos casos.<\/p>\n<p>\u201cA falta de empregado j\u00e1 \u00e9 um problema grav\u00edssimo na Caixa e tende a piorar o adoecimento dos banc\u00e1rios. O n\u00famero de afastamentos do trabalho para tratamento de sa\u00fade e o de pessoas que trabalham mesmo estando doentes chega a n\u00edveis alarmantes. \u00c9 urgente a contrata\u00e7\u00e3o de novos empregados. O banco, por\u00e9m, segue na contram\u00e3o e faz esse movimento para reduzir ainda mais o n\u00famero de trabalhadores\u201d, critica o coordenador da Comiss\u00e3o Executiva de Empregados (CEE) da Caixa, Dion\u00edsio Reis. \u201cN\u00e3o tem sentido a redu\u00e7\u00e3o de empregados, assim como tamb\u00e9m n\u00e3o tem sentido a inten\u00e7\u00e3o de privatizar a Caixa. O banco n\u00e3o est\u00e1 quebrado e n\u00e3o d\u00e1 preju\u00edzo aos cofres p\u00fablicos. Ao contr\u00e1rio, exerce um importante papel para o desenvolvimento socioecon\u00f4mico do pa\u00eds e \u00e9 lucrativo\u201d, completou.<\/p>\n<p><strong>Redu\u00e7\u00e3o do banco<\/strong><br \/>O coordenador da CEE\/Caixa chama a aten\u00e7\u00e3o, tamb\u00e9m, para a redu\u00e7\u00e3o do banco como um todo. \u201cO banco chegou a ser respons\u00e1vel por mais de 70% da carteira de financiamentos imobili\u00e1rios do pa\u00eds. Tamb\u00e9m assumia o papel de financiador de diversos outros programas sociais do governo, como o Fies, o ProUni, o Luz Para Todos e tantos outros. Mas, ap\u00f3s o impeachment da presidenta Dilma, seu perfil de atua\u00e7\u00e3o foi alterado. Aos poucos o banco vem abandonando seu papel social, aumentando suas taxas e tarifas e reduzindo o montante de recursos dispon\u00edveis para investimento. Com isso, abre brechas para que bancos privados ocupem espa\u00e7o no mercado\u201d, disse Dion\u00edsio lembrando que os recursos destinados ao programa Minha Casa, Minha Vida ca\u00edram de um patamar de R$ 26 bilh\u00f5es durante o governo Dilma para cerca de R$ 6 bilh\u00f5es com Temer. \u201cExiste uma grande diferen\u00e7a entre os bancos p\u00fablicos e os bancos privados, que vai al\u00e9m da diferen\u00e7a das taxas e tarifas cobradas de seus clientes. Os bancos p\u00fablicos est\u00e3o preocupados em atender as verdadeiras necessidades da popula\u00e7\u00e3o, em contribuir com o desenvolvimento socioecon\u00f4mico do pa\u00eds. J\u00e1 os bancos privados se preocupam apenas com o lucro\u201d, explicou.<\/p>\n<p><strong>Leia tamb\u00e9m:<\/strong><br \/>\u00a0\u00a0\u00a0\u00a0\u00a0<strong>&gt;<\/strong>\u00a0<ins><em><a href=\"http:\/\/www.contrafcut.org.br\/noticias\/um-em-cada-tres-trabalhadores-da-caixa-teve-problema-de-saude-no-ultimo-ano-e9b2\" target=\"_blank\" rel=\"noopener noreferrer\">Um em cada tr\u00eas trabalhadores da Caixa teve problema de sa\u00fade no \u00faltimo ano<\/a><\/em><\/ins><\/p>\n<\/div>\n<p id=\"page-author\"><span style=\"text-decoration: underline;\"><strong><em>Fonte: Contraf-CUT<\/em><\/strong><\/span><\/p>\n","protected":false},"excerpt":{"rendered":"<p>A Caixa Econ\u00f4mica Federal emitiu nesta quinta-feira (22) um comunicado interno avisando seus empregados da Reabertura Programa de Desligamento de Empregado (PDE). O objetivo \u00e9 desligar at\u00e9 1.626 empregados. Segundo o comunicado, o PDE tem o objetivo de dar suporte financeiro aos empregados que queiram se desligar do banco. Quem tiver interesse deve aderir ao [&hellip;]<\/p>\n","protected":false},"author":2,"featured_media":5624,"comment_status":"","ping_status":"","sticky":false,"template":"","format":"standard","meta":{"footnotes":""},"categories":[3],"tags":[],"class_list":["post-5625","post","type-post","status-publish","format-standard","has-post-thumbnail","hentry","category-noticias"],"_links":{"self":[{"href":"https:\/\/hostnetart.com.br\/baixada\/wp-json\/wp\/v2\/posts\/5625","targetHints":{"allow":["GET"]}}],"collection":[{"href":"https:\/\/hostnetart.com.br\/baixada\/wp-json\/wp\/v2\/posts"}],"about":[{"href":"https:\/\/hostnetart.com.br\/baixada\/wp-json\/wp\/v2\/types\/post"}],"author":[{"embeddable":true,"href":"https:\/\/hostnetart.com.br\/baixada\/wp-json\/wp\/v2\/users\/2"}],"replies":[{"embeddable":true,"href":"https:\/\/hostnetart.com.br\/baixada\/wp-json\/wp\/v2\/comments?post=5625"}],"version-history":[{"count":0,"href":"https:\/\/hostnetart.com.br\/baixada\/wp-json\/wp\/v2\/posts\/5625\/revisions"}],"wp:featuredmedia":[{"embeddable":true,"href":"https:\/\/hostnetart.com.br\/baixada\/wp-json\/wp\/v2\/media\/5624"}],"wp:attachment":[{"href":"https:\/\/hostnetart.com.br\/baixada\/wp-json\/wp\/v2\/media?parent=5625"}],"wp:term":[{"taxonomy":"category","embeddable":true,"href":"https:\/\/hostnetart.com.br\/baixada\/wp-json\/wp\/v2\/categories?post=5625"},{"taxonomy":"post_tag","embeddable":true,"href":"https:\/\/hostnetart.com.br\/baixada\/wp-json\/wp\/v2\/tags?post=5625"}],"curies":[{"name":"wp","href":"https:\/\/api.w.org\/{rel}","templated":true}]}}