{"id":562,"date":"2015-01-07T15:49:00","date_gmt":"2015-01-07T17:49:00","guid":{"rendered":"https:\/\/hostnetart.com.br\/baixada\/publicada-lei-que-isenta-aposentados-invalidos-de-pericia-apos-60-anos\/"},"modified":"2015-01-07T15:49:00","modified_gmt":"2015-01-07T17:49:00","slug":"publicada-lei-que-isenta-aposentados-invalidos-de-pericia-apos-60-anos","status":"publish","type":"post","link":"https:\/\/hostnetart.com.br\/baixada\/publicada-lei-que-isenta-aposentados-invalidos-de-pericia-apos-60-anos\/","title":{"rendered":"Publicada lei que isenta aposentados inv\u00e1lidos de per\u00edcia ap\u00f3s 60 anos"},"content":{"rendered":"<p><span style=\"color: #464646;\">Foi publicada no Di\u00e1rio Oficial da Uni\u00e3o, de 31\/12\/2014, Se\u00e7\u00e3o 1, p\u00e1gina 1, a Lei n\u00ba 13.063, de 30\/12\/14. Ela insere os par\u00e1grafos 1\u00ba e 2\u00ba ao art. 101 da Lei n\u00ba 8.213, de 24\/07\/91, para isentar o aposentado por invalidez e o pensionista inv\u00e1lido benefici\u00e1rios do Regime Geral da Previd\u00eancia Social (RGPS) de se submeterem a exame m\u00e9dico-pericial ap\u00f3s completarem 60 anos de idade.<\/span><br style=\"color: #464646;\" \/><br style=\"color: #464646;\" \/><span style=\"color: #464646;\">A novo diploma legal, que entra em vigor na data de sua publica\u00e7\u00e3o, prev\u00ea tr\u00eas exce\u00e7\u00f5es \u00e0 nova regra, quais sejam:<\/span><br style=\"color: #464646;\" \/><br style=\"color: #464646;\" \/><span style=\"color: #464646;\">A) para verificar a necessidade de assist\u00eancia permanente de outra pessoa para que o valor da aposentadoria por invalidez seja acrescido em 25%, conforme disp\u00f5e o art. 45;<\/span><br style=\"color: #464646;\" \/><br style=\"color: #464646;\" \/><span style=\"color: #464646;\">B) quando o pr\u00f3prio benefici\u00e1rio solicitar a per\u00edcia para verificar a recupera\u00e7\u00e3o da capacidade de trabalho;<\/span><br style=\"color: #464646;\" \/><br style=\"color: #464646;\" \/><span style=\"color: #464646;\">C) quando solicitado pelo Judici\u00e1rio, para fins de subsidiar a concess\u00e3o de curatela.<\/span><br style=\"color: #464646;\" \/><br style=\"color: #464646;\" \/><span style=\"color: #464646;\">\u00c9 prov\u00e1vel que o INSS divulgue orienta\u00e7\u00f5es internas aos seus servidores, a fim de dar cumprimento ao comando legal, pois com a nova regra algumas quest\u00f5es ainda precisam ser definidas quanto \u00e0 operacionaliza\u00e7\u00e3o nas Ag\u00eancias da Previd\u00eancia Social, tais como: a identifica\u00e7\u00e3o dos benefici\u00e1rios que se enquadram nessa regra; a identifica\u00e7\u00e3o dos benefici\u00e1rios que se enquadram nas exce\u00e7\u00f5es; o tratamento a ser dado \u00e0s per\u00edcias desses benefici\u00e1rios que j\u00e1 foram agendadas anteriormente \u00e0 entrada em vigor da Lei; dentre outras.<\/span><br style=\"color: #464646;\" \/><br style=\"color: #464646;\" \/><br style=\"color: #464646;\" \/><span style=\"color: #464646;\">Fonte: Gustavo Beir\u00e3o \u2013 Jus Brasil<\/span><\/p>\n","protected":false},"excerpt":{"rendered":"<p>Foi publicada no Di\u00e1rio Oficial da Uni\u00e3o, de 31\/12\/2014, Se\u00e7\u00e3o 1, p\u00e1gina 1, a Lei n\u00ba 13.063, de 30\/12\/14. Ela insere os par\u00e1grafos 1\u00ba e 2\u00ba ao art. 101 da Lei n\u00ba 8.213, de 24\/07\/91, para isentar o aposentado por invalidez e o pensionista inv\u00e1lido benefici\u00e1rios do Regime Geral da Previd\u00eancia Social (RGPS) de se [&hellip;]<\/p>\n","protected":false},"author":1,"featured_media":0,"comment_status":"","ping_status":"","sticky":false,"template":"","format":"standard","meta":{"footnotes":""},"categories":[3],"tags":[],"class_list":["post-562","post","type-post","status-publish","format-standard","hentry","category-noticias"],"_links":{"self":[{"href":"https:\/\/hostnetart.com.br\/baixada\/wp-json\/wp\/v2\/posts\/562","targetHints":{"allow":["GET"]}}],"collection":[{"href":"https:\/\/hostnetart.com.br\/baixada\/wp-json\/wp\/v2\/posts"}],"about":[{"href":"https:\/\/hostnetart.com.br\/baixada\/wp-json\/wp\/v2\/types\/post"}],"author":[{"embeddable":true,"href":"https:\/\/hostnetart.com.br\/baixada\/wp-json\/wp\/v2\/users\/1"}],"replies":[{"embeddable":true,"href":"https:\/\/hostnetart.com.br\/baixada\/wp-json\/wp\/v2\/comments?post=562"}],"version-history":[{"count":0,"href":"https:\/\/hostnetart.com.br\/baixada\/wp-json\/wp\/v2\/posts\/562\/revisions"}],"wp:attachment":[{"href":"https:\/\/hostnetart.com.br\/baixada\/wp-json\/wp\/v2\/media?parent=562"}],"wp:term":[{"taxonomy":"category","embeddable":true,"href":"https:\/\/hostnetart.com.br\/baixada\/wp-json\/wp\/v2\/categories?post=562"},{"taxonomy":"post_tag","embeddable":true,"href":"https:\/\/hostnetart.com.br\/baixada\/wp-json\/wp\/v2\/tags?post=562"}],"curies":[{"name":"wp","href":"https:\/\/api.w.org\/{rel}","templated":true}]}}