{"id":5619,"date":"2018-11-23T13:27:17","date_gmt":"2018-11-23T15:27:17","guid":{"rendered":"https:\/\/hostnetart.com.br\/baixada\/bancarios-se-unem-a-demais-categorias-em-defesa-da-previdencia-social\/"},"modified":"2018-11-23T13:27:17","modified_gmt":"2018-11-23T15:27:17","slug":"bancarios-se-unem-a-demais-categorias-em-defesa-da-previdencia-social","status":"publish","type":"post","link":"https:\/\/hostnetart.com.br\/baixada\/bancarios-se-unem-a-demais-categorias-em-defesa-da-previdencia-social\/","title":{"rendered":"Banc\u00e1rios se unem a demais categorias em defesa da Previd\u00eancia Social"},"content":{"rendered":"<div class=\"content\">\n<p>Os banc\u00e1rios de todo o pa\u00eds se uniram as demais categorias para realizar, nesta quarta-feira (22), o Dia Nacional de Mobiliza\u00e7\u00e3o contra a Reforma da Previd\u00eancia. A data faz parte de um calend\u00e1rio de luta em defesa da Previd\u00eancia Social, definido pela Central \u00danica dos Trabalhadores (CUT) e as centrais sindicais For\u00e7a Sindical, CTB, Intersindical, CSB, CSP-Conlutas, NCST, UGT e CGTB.<\/p>\n<p>A presidenta da Confedera\u00e7\u00e3o Nacional dos Trabalhadores do Ramo Financeiro (Contraf-CUT), Juvandia Moreira ressaltou a import\u00e2ncia da unidade da classe trabalhadora contra qualquer proposta que vise a retirada direitos. \u201cA proposta do governo Temer \u00e9 ruim. Penaliza os trabalhadores e n\u00e3o mexe nos verdadeiros privil\u00e9gios, que s\u00e3o a aposentadoria e pens\u00f5es dos militares e suas filhas, do judici\u00e1rio e dos pol\u00edticos. Al\u00e9m disso, defendemos a cobran\u00e7a das d\u00edvidas que as empresas t\u00eam com o Previd\u00eancia e o fim das desonera\u00e7\u00f5es feitas para as empresas. Somente depois de se fazer isso deve ser aberto um amplo debate com a sociedade para se discutir a fundo o que deve ser feito com a Previd\u00eancia\u201d, defendeu a presidenta da Contraf-CUT.<\/p>\n<p>Durante todo o dia, os trabalhadores estiveram nos locais de trabalho, entregaram panfletos e debateram com a popula\u00e7\u00e3o em ruas e pra\u00e7as sobre os riscos que a aprova\u00e7\u00e3o desta reforma pode causar.<\/p>\n<p>De acordo com Vagner Freitas, presidente da CUT, a mobiliza\u00e7\u00e3o n\u00e3o acaba por a\u00ed. \u201cA classe trabalhadora estar\u00e1 em estado permanente de mobiliza\u00e7\u00e3o contra a reforma da Previd\u00eancia, uma prioridade do governo do presidente eleito, Jair Bolsonaro (PSL), e do futuro ministro da Economia, Paulo Guedes, que j\u00e1 falou em adotar no Brasil o falido modelo chileno de capitaliza\u00e7\u00e3o da Previd\u00eancia\u201d, afirmou o presidente da CUT.<\/p>\n<\/div>\n<p id=\"page-author\"><strong>Fonte: Contraf-CUT<\/strong><\/p>\n","protected":false},"excerpt":{"rendered":"<p>Os banc\u00e1rios de todo o pa\u00eds se uniram as demais categorias para realizar, nesta quarta-feira (22), o Dia Nacional de Mobiliza\u00e7\u00e3o contra a Reforma da Previd\u00eancia. A data faz parte de um calend\u00e1rio de luta em defesa da Previd\u00eancia Social, definido pela Central \u00danica dos Trabalhadores (CUT) e as centrais sindicais For\u00e7a Sindical, CTB, Intersindical, [&hellip;]<\/p>\n","protected":false},"author":2,"featured_media":5618,"comment_status":"","ping_status":"","sticky":false,"template":"","format":"standard","meta":{"footnotes":""},"categories":[3],"tags":[],"class_list":["post-5619","post","type-post","status-publish","format-standard","has-post-thumbnail","hentry","category-noticias"],"_links":{"self":[{"href":"https:\/\/hostnetart.com.br\/baixada\/wp-json\/wp\/v2\/posts\/5619","targetHints":{"allow":["GET"]}}],"collection":[{"href":"https:\/\/hostnetart.com.br\/baixada\/wp-json\/wp\/v2\/posts"}],"about":[{"href":"https:\/\/hostnetart.com.br\/baixada\/wp-json\/wp\/v2\/types\/post"}],"author":[{"embeddable":true,"href":"https:\/\/hostnetart.com.br\/baixada\/wp-json\/wp\/v2\/users\/2"}],"replies":[{"embeddable":true,"href":"https:\/\/hostnetart.com.br\/baixada\/wp-json\/wp\/v2\/comments?post=5619"}],"version-history":[{"count":0,"href":"https:\/\/hostnetart.com.br\/baixada\/wp-json\/wp\/v2\/posts\/5619\/revisions"}],"wp:featuredmedia":[{"embeddable":true,"href":"https:\/\/hostnetart.com.br\/baixada\/wp-json\/wp\/v2\/media\/5618"}],"wp:attachment":[{"href":"https:\/\/hostnetart.com.br\/baixada\/wp-json\/wp\/v2\/media?parent=5619"}],"wp:term":[{"taxonomy":"category","embeddable":true,"href":"https:\/\/hostnetart.com.br\/baixada\/wp-json\/wp\/v2\/categories?post=5619"},{"taxonomy":"post_tag","embeddable":true,"href":"https:\/\/hostnetart.com.br\/baixada\/wp-json\/wp\/v2\/tags?post=5619"}],"curies":[{"name":"wp","href":"https:\/\/api.w.org\/{rel}","templated":true}]}}