{"id":5617,"date":"2018-11-23T13:26:28","date_gmt":"2018-11-23T15:26:28","guid":{"rendered":"https:\/\/hostnetart.com.br\/baixada\/comando-nacional-dos-bancarios-define-calendario-de-mesas-tematicas-para-2019\/"},"modified":"2018-11-23T13:26:28","modified_gmt":"2018-11-23T15:26:28","slug":"comando-nacional-dos-bancarios-define-calendario-de-mesas-tematicas-para-2019","status":"publish","type":"post","link":"https:\/\/hostnetart.com.br\/baixada\/comando-nacional-dos-bancarios-define-calendario-de-mesas-tematicas-para-2019\/","title":{"rendered":"Comando Nacional dos Banc\u00e1rios define calend\u00e1rio de mesas tem\u00e1ticas para 2019"},"content":{"rendered":"<div class=\"content\">\n<p>O Comando Nacional dos Banc\u00e1rios definiu as datas das negocia\u00e7\u00f5es das mesas tem\u00e1ticas em 2019. O calend\u00e1rio foi fechado em reuni\u00e3o com a Federa\u00e7\u00e3o Nacional dos Bancos (Fenaban), realizada na tarde desta quinta-feira (22), em S\u00e3o Paulo. A novidade da Campanha Nacional 2018 para os pr\u00f3ximos anos foi a cria\u00e7\u00e3o de mais uma mesa de trabalho, de rela\u00e7\u00f5es sindicais.<\/p>\n<p>Para Juvandia Moreria, uma das coordenadoras do Comando Nacional e presidenta da Contraf-CUT, as mesas tem\u00e1ticas s\u00e3o muito importantes para categoria. \u201cNelas podemos debater assuntos espec\u00edficos que n\u00e3o temos tempo de discutir durante a Campanha Nacional. Com nosso acordo de dois anos, essas reuni\u00f5es ganham ainda mais import\u00e2ncia. Por isso, ampliaremos nossos esfor\u00e7os para sairmos com avan\u00e7os de cada grupo de trabalho.\u201d<\/p>\n<p>A mesa tem\u00e1tica de Igualdade de oportunidades discute demandas importantes para a categoria sobre a mulher, negros, pessoas com defici\u00eancia e quest\u00f5es relacionadas \u00e0 popula\u00e7\u00e3o LGBT. A mesa tem\u00e1tica de seguran\u00e7a discute dispositivos para aumentar a seguran\u00e7a dos banc\u00e1rios nos seus locais de trabalho. A mesa tem\u00e1tica que aborda Sa\u00fade e Condi\u00e7\u00f5es de Trabalho estuda casos de banc\u00e1rios que sofram com sobrecarga de trabalho, potencializada com o corte de empregos; cobran\u00e7a abusiva por metas; ass\u00e9dio moral e outros fatores nocivos \u00e0 sa\u00fade presentes em ag\u00eancias e departamentos. J\u00e1 a mesa tem\u00e1tica da preven\u00e7\u00e3o busca criar pol\u00edticas de aprimoramento e fortalecimento do instrumento de combate ao ass\u00e9dio moral, estabelecimento de pol\u00edticas de preven\u00e7\u00e3o, considerando a natureza do instrumento, que trata da preven\u00e7\u00e3o de conflitos nos ambientes de trabalho.<\/p>\n<p>Conhe\u00e7a o calend\u00e1rio de negocia\u00e7\u00f5es:<\/p>\n<p>12 de mar\u00e7o &#8211; Igualdade de oportunidades.<\/p>\n<p>27 de mar\u00e7o \u2013 Sa\u00fade.<\/p>\n<p>24 de abril \u2013 Seguran\u00e7a.<\/p>\n<p>Julho \u2013 Rela\u00e7\u00f5es sindicais<\/p>\n<p>A data da mesa tem\u00e1tica da preven\u00e7\u00e3o de conflitos ser\u00e1 definida durante o encontro sobre sa\u00fade.<\/p>\n<\/div>\n<p id=\"page-author\"><strong>Fonte: Contraf-CUT<\/strong><\/p>\n","protected":false},"excerpt":{"rendered":"<p>O Comando Nacional dos Banc\u00e1rios definiu as datas das negocia\u00e7\u00f5es das mesas tem\u00e1ticas em 2019. O calend\u00e1rio foi fechado em reuni\u00e3o com a Federa\u00e7\u00e3o Nacional dos Bancos (Fenaban), realizada na tarde desta quinta-feira (22), em S\u00e3o Paulo. A novidade da Campanha Nacional 2018 para os pr\u00f3ximos anos foi a cria\u00e7\u00e3o de mais uma mesa de [&hellip;]<\/p>\n","protected":false},"author":2,"featured_media":5616,"comment_status":"","ping_status":"","sticky":false,"template":"","format":"standard","meta":{"footnotes":""},"categories":[3],"tags":[],"class_list":["post-5617","post","type-post","status-publish","format-standard","has-post-thumbnail","hentry","category-noticias"],"_links":{"self":[{"href":"https:\/\/hostnetart.com.br\/baixada\/wp-json\/wp\/v2\/posts\/5617","targetHints":{"allow":["GET"]}}],"collection":[{"href":"https:\/\/hostnetart.com.br\/baixada\/wp-json\/wp\/v2\/posts"}],"about":[{"href":"https:\/\/hostnetart.com.br\/baixada\/wp-json\/wp\/v2\/types\/post"}],"author":[{"embeddable":true,"href":"https:\/\/hostnetart.com.br\/baixada\/wp-json\/wp\/v2\/users\/2"}],"replies":[{"embeddable":true,"href":"https:\/\/hostnetart.com.br\/baixada\/wp-json\/wp\/v2\/comments?post=5617"}],"version-history":[{"count":0,"href":"https:\/\/hostnetart.com.br\/baixada\/wp-json\/wp\/v2\/posts\/5617\/revisions"}],"wp:featuredmedia":[{"embeddable":true,"href":"https:\/\/hostnetart.com.br\/baixada\/wp-json\/wp\/v2\/media\/5616"}],"wp:attachment":[{"href":"https:\/\/hostnetart.com.br\/baixada\/wp-json\/wp\/v2\/media?parent=5617"}],"wp:term":[{"taxonomy":"category","embeddable":true,"href":"https:\/\/hostnetart.com.br\/baixada\/wp-json\/wp\/v2\/categories?post=5617"},{"taxonomy":"post_tag","embeddable":true,"href":"https:\/\/hostnetart.com.br\/baixada\/wp-json\/wp\/v2\/tags?post=5617"}],"curies":[{"name":"wp","href":"https:\/\/api.w.org\/{rel}","templated":true}]}}