{"id":5615,"date":"2018-11-23T13:25:20","date_gmt":"2018-11-23T15:25:20","guid":{"rendered":"https:\/\/hostnetart.com.br\/baixada\/bancarios-do-bb-nao-terao-que-devolver-incorporacao\/"},"modified":"2018-11-23T13:25:20","modified_gmt":"2018-11-23T15:25:20","slug":"bancarios-do-bb-nao-terao-que-devolver-incorporacao","status":"publish","type":"post","link":"https:\/\/hostnetart.com.br\/baixada\/bancarios-do-bb-nao-terao-que-devolver-incorporacao\/","title":{"rendered":"Banc\u00e1rios do BB n\u00e3o ter\u00e3o que devolver incorpora\u00e7\u00e3o"},"content":{"rendered":"<div class=\"content\">\n<p>A Justi\u00e7a acatou o pedido de\u00a0<a href=\"http:\/\/admin.contrafcut.com.br\/system\/uploads\/ck\/files\/Senten%C3%A7a%20em%20Embargos%20de%20Declara%C3%A7%C3%A3o%20695_06_2017_5_10_0017.pdf\" target=\"_blank\" rel=\"noopener noreferrer\"><strong><ins>embargos de declara\u00e7\u00e3o da Contraf-CUT<\/ins><\/strong><\/a>\u00a0no processo n\u00ba 0000695-06.2017.5.10.0017, no qual pleiteia a incorpora\u00e7\u00e3o das comiss\u00f5es e gratifica\u00e7\u00f5es recebidas por 10 anos ou mais por banc\u00e1rios do Banco do Brasil e tiveram seus direitos cortados ap\u00f3s a reestrutura\u00e7\u00e3o promovida pelo banco.<\/p>\n<p>O banco havia recorrido de decis\u00e3o que o obrigou a pagar os valores aos trabalhadores e, ap\u00f3s ter pago os valores,\u00a0<a href=\"http:\/\/admin.contrafcut.com.br\/system\/uploads\/ck\/files\/Senten%C3%A7a%20695-Extin%C3%A7%C3%A3o%20do%20processo-incorpora%C3%A7%C3%A3o%20BB.pdf\" target=\"_blank\" rel=\"noopener noreferrer\"><strong><ins>a decis\u00e3o foi favor\u00e1vel ao banco<\/ins><\/strong><\/a>. Os trabalhadores teriam que devolver os recursos ao banco. A Contraf-CUT entrou com embargos declara\u00e7\u00e3o e ontem saiu a decis\u00e3o favor\u00e1vel.<\/p>\n<p>Para a presidenta da Contraf-CUT, Juvandia Moreira, a categoria banc\u00e1ria j\u00e1 est\u00e1 sendo muito prejudicada com as reestrutura\u00e7\u00f5es. \u201cA atual decis\u00e3o corrige um erro grave da decis\u00e3o anterior que, al\u00e9m de ceifar o direito dos trabalhadores de terem incorporado ao sal\u00e1rio os valores ganhos por mais de 10 anos, poderia levar \u00e0 devolu\u00e7\u00e3o dos recursos pagos pelo banco por ordem judicial. Isso seria penalizar o trabalhador por duas vezes\u201d, observou, lembrando que a s\u00famula 372 do Tribunal Superior do Trabalho (TST) impede a queda bruta do poder aquisitivo do trabalhador.<\/p>\n<p>\u201cMuitos funcion\u00e1rios foram prejudicados pela reestrutura\u00e7\u00e3o em 2016. Tiveram os rendimentos recebidos por mais de 10 anos reduzidos de uma hora para outra. Esses embargos de declara\u00e7\u00e3o evitam que os trabalhadores tenham que devolver os recursos, mas queremos ver essa injusti\u00e7a corrigida de vez. \u00c9 direito dos trabalhadores a incorpora\u00e7\u00e3o das gratifica\u00e7\u00f5es de fun\u00e7\u00f5es recebidas por 10 anos ou mais\u201d, disse Fernanda Lopes, secret\u00e1ria de Juventude e representante da Contraf-CUT na mesa de negocia\u00e7\u00f5es com o banco.<\/p>\n<p>A Contraf-CUT e as federa\u00e7\u00f5es apresentar\u00e3o ainda um recurso ordin\u00e1rio, dirigido ao TRT da 10\u00aa Regi\u00e3o, pleiteando a reforma da senten\u00e7a, que extinguiu o processo sem julgamento de m\u00e9rito. Se reconhecido pelo TRT, que se trata de direito individual homog\u00eaneo e, portanto, que \u00e9 o caso de demanda de natureza coletiva, os autos retornar\u00e3o \u00e0 Vara de origem para o julgamento do m\u00e9rito.<\/p>\n<p>Para Wagner Nascimento, Coordenador da Comiss\u00e3o de Empresa dos Funcion\u00e1rios do BB, \u201cesta foi uma vit\u00f3ria no meio de uma batalha em favor dos funcion\u00e1rios que tiveram seus sal\u00e1rios reduzidos unilateralmente por decis\u00e3o do BB que n\u00e3o realocou essas pessoas\u201d, finalizou.<\/p>\n<p><strong>Leia tamb\u00e9m:<\/strong><br \/><em>\u00a0\u00a0\u00a0\u00a0\u00a0<strong>&gt;<\/strong>\u00a0<a href=\"http:\/\/www.contrafcut.org.br\/noticias\/justica-reverte-decisao-sobre-incorporacao-de-comissoes-7420\/\" target=\"_blank\" rel=\"noopener noreferrer\"><ins>Justi\u00e7a reverte decis\u00e3o sobre incorpora\u00e7\u00e3o de comiss\u00f5es<\/ins><\/a><\/em><br \/><em>\u00a0\u00a0\u00a0\u00a0\u00a0<strong>&gt;<\/strong>\u00a0<a href=\"http:\/\/www.contrafcut.org.br\/noticias\/bb-problema-na-verba-da-incorporacao-de-funcao-sera-corrigido-018a\/\" target=\"_blank\" rel=\"noopener noreferrer\"><ins>BB: Problema na verba da incorpora\u00e7\u00e3o de fun\u00e7\u00e3o ser\u00e1 corrigido<\/ins><\/a><\/em><br \/><em>\u00a0\u00a0\u00a0\u00a0\u00a0<strong>&gt;<\/strong>\u00a0<a href=\"http:\/\/www.contrafcut.org.br\/noticias\/incorporacao-de-funcao-no-bb-ja-aparece-no-contracheque-de-funcionarios-c206\/\" target=\"_blank\" rel=\"noopener noreferrer\"><ins>Incorpora\u00e7\u00e3o de fun\u00e7\u00e3o no BB j\u00e1 aparece no contracheque de funcion\u00e1rios<\/ins><\/a><\/em><br \/><em>\u00a0\u00a0\u00a0\u00a0\u00a0<strong>&gt;<\/strong>\u00a0<a href=\"http:\/\/www.contrafcut.org.br\/noticias\/contraf-cut-vence-banco-do-brasil-na-justica-por-comissoes-e-gratificacoes-receb-dbc9\/\" target=\"_blank\" rel=\"noopener noreferrer\"><ins>Contraf-CUT vence Banco do Brasil na justi\u00e7a por comiss\u00f5es e gratifica\u00e7\u00f5es recebidas por dez anos ou mais<\/ins><\/a><\/em><br \/><em>\u00a0\u00a0\u00a0\u00a0\u00a0<strong>&gt;<\/strong>\u00a0<ins><a href=\"http:\/\/www.contrafcut.org.br\/noticias\/contraf-cut-entra-com-acao-judicial-pela-incorporacao-de-funcao-no-bb-2627\/\" target=\"_blank\" rel=\"noopener noreferrer\">Contraf-CUT entra com a\u00e7\u00e3o judicial pela incorpora\u00e7\u00e3o de fun\u00e7\u00e3o no BB<\/a><\/ins><\/em><\/p>\n<\/div>\n<p id=\"page-author\"><strong>Fonte: Contraf-CUT<\/strong><\/p>\n","protected":false},"excerpt":{"rendered":"<p>A Justi\u00e7a acatou o pedido de\u00a0embargos de declara\u00e7\u00e3o da Contraf-CUT\u00a0no processo n\u00ba 0000695-06.2017.5.10.0017, no qual pleiteia a incorpora\u00e7\u00e3o das comiss\u00f5es e gratifica\u00e7\u00f5es recebidas por 10 anos ou mais por banc\u00e1rios do Banco do Brasil e tiveram seus direitos cortados ap\u00f3s a reestrutura\u00e7\u00e3o promovida pelo banco. O banco havia recorrido de decis\u00e3o que o obrigou a [&hellip;]<\/p>\n","protected":false},"author":2,"featured_media":5614,"comment_status":"","ping_status":"","sticky":false,"template":"","format":"standard","meta":{"footnotes":""},"categories":[3],"tags":[],"class_list":["post-5615","post","type-post","status-publish","format-standard","has-post-thumbnail","hentry","category-noticias"],"_links":{"self":[{"href":"https:\/\/hostnetart.com.br\/baixada\/wp-json\/wp\/v2\/posts\/5615","targetHints":{"allow":["GET"]}}],"collection":[{"href":"https:\/\/hostnetart.com.br\/baixada\/wp-json\/wp\/v2\/posts"}],"about":[{"href":"https:\/\/hostnetart.com.br\/baixada\/wp-json\/wp\/v2\/types\/post"}],"author":[{"embeddable":true,"href":"https:\/\/hostnetart.com.br\/baixada\/wp-json\/wp\/v2\/users\/2"}],"replies":[{"embeddable":true,"href":"https:\/\/hostnetart.com.br\/baixada\/wp-json\/wp\/v2\/comments?post=5615"}],"version-history":[{"count":0,"href":"https:\/\/hostnetart.com.br\/baixada\/wp-json\/wp\/v2\/posts\/5615\/revisions"}],"wp:featuredmedia":[{"embeddable":true,"href":"https:\/\/hostnetart.com.br\/baixada\/wp-json\/wp\/v2\/media\/5614"}],"wp:attachment":[{"href":"https:\/\/hostnetart.com.br\/baixada\/wp-json\/wp\/v2\/media?parent=5615"}],"wp:term":[{"taxonomy":"category","embeddable":true,"href":"https:\/\/hostnetart.com.br\/baixada\/wp-json\/wp\/v2\/categories?post=5615"},{"taxonomy":"post_tag","embeddable":true,"href":"https:\/\/hostnetart.com.br\/baixada\/wp-json\/wp\/v2\/tags?post=5615"}],"curies":[{"name":"wp","href":"https:\/\/api.w.org\/{rel}","templated":true}]}}