{"id":5613,"date":"2018-11-22T17:40:27","date_gmt":"2018-11-22T19:40:27","guid":{"rendered":"https:\/\/hostnetart.com.br\/baixada\/comando-nacional-dos-bancarios-se-reune-com-fenaban-nesta-quinta\/"},"modified":"2018-11-22T17:40:27","modified_gmt":"2018-11-22T19:40:27","slug":"comando-nacional-dos-bancarios-se-reune-com-fenaban-nesta-quinta","status":"publish","type":"post","link":"https:\/\/hostnetart.com.br\/baixada\/comando-nacional-dos-bancarios-se-reune-com-fenaban-nesta-quinta\/","title":{"rendered":"Comando Nacional dos Banc\u00e1rios se re\u00fane com Fenaban nesta quinta"},"content":{"rendered":"<div class=\"content\">\n<p>O Comando Nacional dos Banc\u00e1rios se re\u00fane nesta quinta-feira (22) com a Federa\u00e7\u00e3o Nacional dos Bancos, \u00e0s 14h, no hotel Makssoud Plaza, em S\u00e3o Paulo, para definir o calend\u00e1rio de negocia\u00e7\u00f5es das mesas espec\u00edficas em 2019.<\/p>\n<p>Pela manh\u00e3, o comando se reuniu na sede da Contraf-CUT para acompanhar uma an\u00e1lise de conjuntura\u00a0feita por Carlos Gabas, ex-ministro da Previd\u00eancia Social do Brasil.<\/p>\n<\/div>\n<p id=\"page-author\"><strong>Fonte: Contraf-CUT<\/strong><\/p>\n","protected":false},"excerpt":{"rendered":"<p>O Comando Nacional dos Banc\u00e1rios se re\u00fane nesta quinta-feira (22) com a Federa\u00e7\u00e3o Nacional dos Bancos, \u00e0s 14h, no hotel Makssoud Plaza, em S\u00e3o Paulo, para definir o calend\u00e1rio de negocia\u00e7\u00f5es das mesas espec\u00edficas em 2019. Pela manh\u00e3, o comando se reuniu na sede da Contraf-CUT para acompanhar uma an\u00e1lise de conjuntura\u00a0feita por Carlos Gabas, [&hellip;]<\/p>\n","protected":false},"author":2,"featured_media":5612,"comment_status":"","ping_status":"","sticky":false,"template":"","format":"standard","meta":{"footnotes":""},"categories":[3],"tags":[],"class_list":["post-5613","post","type-post","status-publish","format-standard","has-post-thumbnail","hentry","category-noticias"],"_links":{"self":[{"href":"https:\/\/hostnetart.com.br\/baixada\/wp-json\/wp\/v2\/posts\/5613","targetHints":{"allow":["GET"]}}],"collection":[{"href":"https:\/\/hostnetart.com.br\/baixada\/wp-json\/wp\/v2\/posts"}],"about":[{"href":"https:\/\/hostnetart.com.br\/baixada\/wp-json\/wp\/v2\/types\/post"}],"author":[{"embeddable":true,"href":"https:\/\/hostnetart.com.br\/baixada\/wp-json\/wp\/v2\/users\/2"}],"replies":[{"embeddable":true,"href":"https:\/\/hostnetart.com.br\/baixada\/wp-json\/wp\/v2\/comments?post=5613"}],"version-history":[{"count":0,"href":"https:\/\/hostnetart.com.br\/baixada\/wp-json\/wp\/v2\/posts\/5613\/revisions"}],"wp:featuredmedia":[{"embeddable":true,"href":"https:\/\/hostnetart.com.br\/baixada\/wp-json\/wp\/v2\/media\/5612"}],"wp:attachment":[{"href":"https:\/\/hostnetart.com.br\/baixada\/wp-json\/wp\/v2\/media?parent=5613"}],"wp:term":[{"taxonomy":"category","embeddable":true,"href":"https:\/\/hostnetart.com.br\/baixada\/wp-json\/wp\/v2\/categories?post=5613"},{"taxonomy":"post_tag","embeddable":true,"href":"https:\/\/hostnetart.com.br\/baixada\/wp-json\/wp\/v2\/tags?post=5613"}],"curies":[{"name":"wp","href":"https:\/\/api.w.org\/{rel}","templated":true}]}}