{"id":5611,"date":"2018-11-22T17:39:30","date_gmt":"2018-11-22T19:39:30","guid":{"rendered":"https:\/\/hostnetart.com.br\/baixada\/22-de-novembro-trabalhadores-se-mobilizam-em-defesa-da-aposentadoria\/"},"modified":"2018-11-22T17:39:30","modified_gmt":"2018-11-22T19:39:30","slug":"22-de-novembro-trabalhadores-se-mobilizam-em-defesa-da-aposentadoria","status":"publish","type":"post","link":"https:\/\/hostnetart.com.br\/baixada\/22-de-novembro-trabalhadores-se-mobilizam-em-defesa-da-aposentadoria\/","title":{"rendered":"22 de novembro: Trabalhadores se mobilizam em defesa da aposentadoria"},"content":{"rendered":"<div class=\"content\">\n<p>Nesta quinta-feira (22), <a href=\"https:\/\/www.cut.org.br\/noticias\/22-11-dia-nacional-de-mobilizacao-em-defesa-da-previdencia-social-d094%20\" target=\"_top\">\u2018<strong><ins>Dia Nacional de Mobiliza\u00e7\u00e3o em defesa da Previd\u00eancia e da Seguridade Social<\/ins><\/strong>\u2019<\/a>, a CUT e outras oito centrais sindicais (For\u00e7a Sindical, CTB, Intersindical, CSB, CSP-Conlutas, NCST, UGT e CGTB) realizar\u00e3o mobiliza\u00e7\u00f5es em todo o Brasil contra a reforma da Previd\u00eancia que o presidente eleito, Jair Bolsonaro (PSL), j\u00e1 declarou diversas vezes que pretende tratar como prioridade assim que assumir o cargo em janeiro de 2019.\u00a0<\/p>\n<p>Ser\u00e3o realizados protestos, assembleias e panfletagem nos locais de trabalho, di\u00e1logo nas ruas com a popula\u00e7\u00e3o e panfletagem em pra\u00e7as p\u00fablicas e locais de grande circula\u00e7\u00e3o. <strong><ins><a href=\"https:\/\/www.cut.org.br\/noticias\/centrais-anunciam-propostas-e-atos-para-barrar-a-reforma-da-previdencia-2b0c%20\" target=\"_blank\" rel=\"noopener noreferrer\">Essa ser\u00e1 a primeira manifesta\u00e7\u00e3o da campanha permanente em defesa da Previd\u00eancia, lan\u00e7ada no \u00faltimo dia 12 pela CUT e demais centrais sindicais<\/a><\/ins><\/strong>. Um documento com os princ\u00edpios gerais para a garantia da universalidade e do futuro da Previd\u00eancia e da Seguridade Social tamb\u00e9m foi divulgado pelas entidades sindicais (<ins><strong><a href=\"https:\/\/admin.cut.org.br\/system\/uploads\/ck\/CUT_Brasil\/CAMPANHA%20DEFESA%20PREVIDENCIA_novembro%202018.pdf\" target=\"_blank\" rel=\"noopener noreferrer\">confira aqui<\/a><\/strong><\/ins>).<\/p>\n<p><strong>Proposta de Bolsonaro pior que a de Temer<\/strong><br \/> Para o presidente da CUT, Vagner Freitas, a reforma de Bolsonaro \u00e9 ainda pior do que a proposta feita pelo ileg\u00edtimo Michel Temer (MDB) em 2017 e engavetada em abril do mesmo ano, ap\u00f3s press\u00e3o dos trabalhadores e trabalhadoras que paralisaram o Brasil na maior greve geral da hist\u00f3ria do pa\u00eds.<\/p>\n<p>\u201cBolsonaro quer trazer para o Brasil o modelo de capitaliza\u00e7\u00e3o da previd\u00eancia que levou milhares de chilenos \u00e0 mis\u00e9ria. Muitos n\u00e3o conseguiram se aposentar e outros ganham metade do sal\u00e1rio m\u00ednimo\u201d, diz o presidente da CUT, se referindo ao modelo adotado pelo Chile na d\u00e9cada de 1980, a chamada capitaliza\u00e7\u00e3o da Previd\u00eancia, onde o trabalhador \u00e9 obrigado a aderir aos chamados fundos de pens\u00e3o para fazer uma poupan\u00e7a pessoal sem a contribui\u00e7\u00e3o dos patr\u00f5es e do governo.<\/p>\n<p><strong>Saiba mais:<\/strong><br \/> \u00a0\u00a0\u00a0\u00a0 <strong>&gt;<\/strong><em> <a href=\"https:\/\/www.cut.org.br\/noticias\/no-chile-o-modelo-de-previdencia-privada-falhou-diz-trabalhador-chileno-e374\" target=\"_blank\" rel=\"noopener noreferrer\"><ins>No Chile, o modelo de previd\u00eancia privada falhou, diz trabalhador chileno<\/ins><\/a><\/em><br \/> \u00a0\u00a0\u00a0\u00a0 <strong>&gt;<\/strong><em> <a href=\"https:\/\/www.cut.org.br\/noticias\/modelo-de-previdencia-proposto-por-bolsonaro-levou-idosos-do-chile-a-miseria-9df5\" target=\"_blank\" rel=\"noopener noreferrer\"><ins>Modelo de Previd\u00eancia proposto por Bolsonaro levou idosos do Chile \u00e0 mis\u00e9ria<\/ins><\/a><\/em><br \/> \u00a0\u00a0\u00a0\u00a0 <strong>&gt;<\/strong><em> <ins><a href=\"https:\/\/www.cut.org.br\/noticias\/assessor-de-bolsonaro-quer-aprovar-reforma-da-previdencia-pior-do-que-a-de-temer-dcf8\" target=\"_blank\" rel=\"noopener noreferrer\">Assessor de Bolsonaro quer aprovar reforma da Previd\u00eancia pior do que a de Temer<\/a><\/ins><\/em><\/p>\n<p>\u201cSe o trabalhador n\u00e3o contribui por alguns meses por ter ficado muito tempo desempregado, fazendo bicos ou totalmente sem renda, nunca conseguir\u00e1 se aposentar\u201d, critica Vagner.<\/p>\n<p>\u201cQueremos a Previd\u00eancia p\u00fablica. A manuten\u00e7\u00e3o do modelo de reparti\u00e7\u00e3o, onde os trabalhadores que est\u00e3o na ativa contribuem para que os aposentados, que j\u00e1 contribu\u00edram, recebam o benef\u00edcio. Nesse modelo tem contribui\u00e7\u00f5es dos trabalhadores, empresas e governo e h\u00e1 a garantia de, pelo menos, os ben\u00e9ficos sejam atrelados ao sal\u00e1rio m\u00ednimo\u201d.<\/p>\n<p>Para isso, diz o presidente da CUT, \u00e9 fundamental que a classe trabalhadora atenda ao chamado das centrais sindicais e se mobilize em todo o pa\u00eds em defesa das aposentadorias. Segundo Vagner, a defesa do maior patrim\u00f4nio da classe trabalhadora, que, segundo ele, \u00e9 a Previd\u00eancia p\u00fablica, ser\u00e1 a primeira e principal batalha que os trabalhadores e trabalhadoras ir\u00e3o travar com o governo ap\u00f3s o processo eleitoral.<\/p>\n<p>\u201c\u00c9 muito importante a participa\u00e7\u00e3o dos sindicatos e dos trabalhadores e trabalhadoras para barrar qualquer proposta que acabe com a nossa aposentadoria, assim como fizemos no ano passado. Por isso, \u00e9 fundamental a dedica\u00e7\u00e3o de todos na realiza\u00e7\u00e3o de assembleias, di\u00e1logos, panfletagem e todo o tipo de atividade que tenha o objetivo de esclarecer a popula\u00e7\u00e3o sobre os riscos que a proposta de Bolsonaro representa para as aposentadorias\u201d.<\/p>\n<p><strong>Atividades nos estados<\/strong><br \/> Al\u00e9m de assembleias e panfletagens nos locais de trabalho, confira algumas cidades com atividades p\u00fablicas programadas:<\/p>\n<p><strong>Bahia (BA)<\/strong> &#8211; a partir das 9h, em frente ao Mercado Modelo. Em Salvador, os protestos v\u00e3o ocorrer no Com\u00e9rcio e na Cidade Baixa, al\u00e9m da Regi\u00e3o Metropolitana e outras cidades do interior do estado.<\/p>\n<p><strong>Cear\u00e1 (CE)<\/strong> &#8211; a partir das 8h, em frente \u00e0 Superintend\u00eancia Regional do Trabalho e Emprego (Rua 24 de Maio, 176, centro).<\/p>\n<p><strong>Mato Grosso do Sul (MS)<\/strong> &#8211; a partir das 9h, em frente \u00e0 sede da Delegacia Regional do Trabalho (DRT).<\/p>\n<p><strong>Paran\u00e1 (PR) &#8211; <\/strong>Em Curitiba, das 11h \u00e0s 14h, um ato p\u00fablico ser\u00e1 realizado na Esquina da Democracia, no cal\u00e7ad\u00e3o da Rua XV de Novembro com a Rua Monsenhor Celso<\/p>\n<p><strong>Pernambuco (PE)<\/strong> &#8211; a partir das 8h, em frente \u00e0 sede da antiga DRT, na Av. Agamenon Magalh\u00e3es, bairro do Espinheiro.<\/p>\n<p><strong>Rio Grande do Sul (RS)<\/strong> &#8211; a partir das 7h30, panfletagem do jornal das centrais no Centro Administrativo Fernando Ferrari (CAF), em Porto Alegre.<\/p>\n<p><strong>Sergipe (SE)<\/strong> &#8211; Em Aracaju, a partir das 8h, o ato ser\u00e1 no cal\u00e7ad\u00e3o da Jo\u00e3o Pessoa\/Geru.<\/p>\n<p><strong>S\u00e3o Paulo (SP)<\/strong> \u2013 Em <strong>Osasco<\/strong>, haver\u00e1 panfletagem pela manh\u00e3 na esta\u00e7\u00e3o de trem de Osasco. \u00c0s 12h, panfletagem no Bradesco da Cidade de Deus e a tarde a panfletagem ser\u00e1 em alguns sem\u00e1foros de Osasco.<\/p>\n<p>&#8211; Em <strong>Rio Preto<\/strong>, a panfletagem ser\u00e1 no Terminal Urbano a partir das 17 horas, com carro de som<\/p>\n<p>&#8211; No centro de <strong>Bauru<\/strong>, haver\u00e1 panfletagem com concentra\u00e7\u00e3o \u00e0s 8h, na Rua Azarias Leite, 70-75<\/p>\n<\/div>\n<p id=\"page-author\"><span style=\"text-decoration: underline;\"><em><strong>Fonte: CUT<\/strong><\/em><\/span><\/p>\n","protected":false},"excerpt":{"rendered":"<p>Nesta quinta-feira (22), \u2018Dia Nacional de Mobiliza\u00e7\u00e3o em defesa da Previd\u00eancia e da Seguridade Social\u2019, a CUT e outras oito centrais sindicais (For\u00e7a Sindical, CTB, Intersindical, CSB, CSP-Conlutas, NCST, UGT e CGTB) realizar\u00e3o mobiliza\u00e7\u00f5es em todo o Brasil contra a reforma da Previd\u00eancia que o presidente eleito, Jair Bolsonaro (PSL), j\u00e1 declarou diversas vezes que [&hellip;]<\/p>\n","protected":false},"author":2,"featured_media":5610,"comment_status":"","ping_status":"","sticky":false,"template":"","format":"standard","meta":{"footnotes":""},"categories":[3],"tags":[],"class_list":["post-5611","post","type-post","status-publish","format-standard","has-post-thumbnail","hentry","category-noticias"],"_links":{"self":[{"href":"https:\/\/hostnetart.com.br\/baixada\/wp-json\/wp\/v2\/posts\/5611","targetHints":{"allow":["GET"]}}],"collection":[{"href":"https:\/\/hostnetart.com.br\/baixada\/wp-json\/wp\/v2\/posts"}],"about":[{"href":"https:\/\/hostnetart.com.br\/baixada\/wp-json\/wp\/v2\/types\/post"}],"author":[{"embeddable":true,"href":"https:\/\/hostnetart.com.br\/baixada\/wp-json\/wp\/v2\/users\/2"}],"replies":[{"embeddable":true,"href":"https:\/\/hostnetart.com.br\/baixada\/wp-json\/wp\/v2\/comments?post=5611"}],"version-history":[{"count":0,"href":"https:\/\/hostnetart.com.br\/baixada\/wp-json\/wp\/v2\/posts\/5611\/revisions"}],"wp:featuredmedia":[{"embeddable":true,"href":"https:\/\/hostnetart.com.br\/baixada\/wp-json\/wp\/v2\/media\/5610"}],"wp:attachment":[{"href":"https:\/\/hostnetart.com.br\/baixada\/wp-json\/wp\/v2\/media?parent=5611"}],"wp:term":[{"taxonomy":"category","embeddable":true,"href":"https:\/\/hostnetart.com.br\/baixada\/wp-json\/wp\/v2\/categories?post=5611"},{"taxonomy":"post_tag","embeddable":true,"href":"https:\/\/hostnetart.com.br\/baixada\/wp-json\/wp\/v2\/tags?post=5611"}],"curies":[{"name":"wp","href":"https:\/\/api.w.org\/{rel}","templated":true}]}}