{"id":5609,"date":"2018-11-22T17:38:46","date_gmt":"2018-11-22T19:38:46","guid":{"rendered":"https:\/\/hostnetart.com.br\/baixada\/presidente-do-bradesco-quer-fechar-mais-150-agencias-em-2019\/"},"modified":"2018-11-22T17:38:46","modified_gmt":"2018-11-22T19:38:46","slug":"presidente-do-bradesco-quer-fechar-mais-150-agencias-em-2019","status":"publish","type":"post","link":"https:\/\/hostnetart.com.br\/baixada\/presidente-do-bradesco-quer-fechar-mais-150-agencias-em-2019\/","title":{"rendered":"Presidente do Bradesco quer fechar mais 150 ag\u00eancias em 2019"},"content":{"rendered":"<div class=\"content\">\n<p>O presidente-executivo do Bradesco, Octavio de Lazari, afirmou, nesta ter\u00e7a-feira (20), que pretende fechar 150 ag\u00eancias ainda em 2018 e mais 150 em 2019. Lazari disse que o Bradesco espera que seu banco digital alcance o ponto de equil\u00edbrio at\u00e9 junho. O banco apenas digital tem 500 mil clientes, uma fra\u00e7\u00e3o dos 24 milh\u00f5es de correntistas do Bradesco.<\/p>\n<p>A declara\u00e7\u00e3o acontece poucos dias depois do banco ter anunciado um lucro de R$ 15,7 bilh\u00f5es nos noves primeiros meses de 2018, um crescimento de 11,1%, em rela\u00e7\u00e3o ao mesmo per\u00edodo de 2017 e de 6,0% na compara\u00e7\u00e3o ao trimestre anterior. Em doze meses, j\u00e1 foram fechadas 193 ag\u00eancias e 35 postos de atendimento (PA).<\/p>\n<p>\u201cN\u00f3s queremos saber quais ag\u00eancias ser\u00e3o fechadas e como os funcion\u00e1rios de cada uma delas ser\u00e1 realocado. Este \u00e9 um processo que precisa ser discutido com a representa\u00e7\u00e3o dos banc\u00e1rios, pois influencia na vida de muitos trabalhadores\u201d, questionou Magaly Fagundes, coordenadora da Comiss\u00e3o de Organiza\u00e7\u00e3o dos Empregados (COE) Bradesco.<\/p>\n<p>Magaly afirma que a cl\u00e1usula 54 da Conven\u00e7\u00e3o Coletiva de Trabalho (CCT) do banc\u00e1rios, de realoca\u00e7\u00e3o e requalifica\u00e7\u00e3o profissional, est\u00e1 pautada com o banco com o objetivo de que o Bradesco fa\u00e7a ades\u00e3o \u00e0 presente cl\u00e1usula, que trata de situa\u00e7\u00f5es espec\u00edficas decorrentes de reestrutura\u00e7\u00f5es organizacionais.<\/p>\n<p>O tema ser\u00e1 uma das pautas da reuni\u00e3o entre a COE Bradesco e a dire\u00e7\u00e3o do banco, marcada para o dia 11 de dezembro.<\/p>\n<\/div>\n<p id=\"page-author\"><strong>Fonte: Contraf-CUT<\/strong><\/p>\n","protected":false},"excerpt":{"rendered":"<p>O presidente-executivo do Bradesco, Octavio de Lazari, afirmou, nesta ter\u00e7a-feira (20), que pretende fechar 150 ag\u00eancias ainda em 2018 e mais 150 em 2019. Lazari disse que o Bradesco espera que seu banco digital alcance o ponto de equil\u00edbrio at\u00e9 junho. O banco apenas digital tem 500 mil clientes, uma fra\u00e7\u00e3o dos 24 milh\u00f5es de [&hellip;]<\/p>\n","protected":false},"author":2,"featured_media":5608,"comment_status":"","ping_status":"","sticky":false,"template":"","format":"standard","meta":{"footnotes":""},"categories":[3],"tags":[],"class_list":["post-5609","post","type-post","status-publish","format-standard","has-post-thumbnail","hentry","category-noticias"],"_links":{"self":[{"href":"https:\/\/hostnetart.com.br\/baixada\/wp-json\/wp\/v2\/posts\/5609","targetHints":{"allow":["GET"]}}],"collection":[{"href":"https:\/\/hostnetart.com.br\/baixada\/wp-json\/wp\/v2\/posts"}],"about":[{"href":"https:\/\/hostnetart.com.br\/baixada\/wp-json\/wp\/v2\/types\/post"}],"author":[{"embeddable":true,"href":"https:\/\/hostnetart.com.br\/baixada\/wp-json\/wp\/v2\/users\/2"}],"replies":[{"embeddable":true,"href":"https:\/\/hostnetart.com.br\/baixada\/wp-json\/wp\/v2\/comments?post=5609"}],"version-history":[{"count":0,"href":"https:\/\/hostnetart.com.br\/baixada\/wp-json\/wp\/v2\/posts\/5609\/revisions"}],"wp:featuredmedia":[{"embeddable":true,"href":"https:\/\/hostnetart.com.br\/baixada\/wp-json\/wp\/v2\/media\/5608"}],"wp:attachment":[{"href":"https:\/\/hostnetart.com.br\/baixada\/wp-json\/wp\/v2\/media?parent=5609"}],"wp:term":[{"taxonomy":"category","embeddable":true,"href":"https:\/\/hostnetart.com.br\/baixada\/wp-json\/wp\/v2\/categories?post=5609"},{"taxonomy":"post_tag","embeddable":true,"href":"https:\/\/hostnetart.com.br\/baixada\/wp-json\/wp\/v2\/tags?post=5609"}],"curies":[{"name":"wp","href":"https:\/\/api.w.org\/{rel}","templated":true}]}}