{"id":5601,"date":"2018-11-21T12:43:31","date_gmt":"2018-11-21T14:43:31","guid":{"rendered":"https:\/\/hostnetart.com.br\/baixada\/ivone-silva-chama-a-atencao-para-o-alto-desemprego-da-populacao-negra\/"},"modified":"2018-11-21T12:43:31","modified_gmt":"2018-11-21T14:43:31","slug":"ivone-silva-chama-a-atencao-para-o-alto-desemprego-da-populacao-negra","status":"publish","type":"post","link":"https:\/\/hostnetart.com.br\/baixada\/ivone-silva-chama-a-atencao-para-o-alto-desemprego-da-populacao-negra\/","title":{"rendered":"Ivone Silva chama a aten\u00e7\u00e3o para o alto desemprego da popula\u00e7\u00e3o negra"},"content":{"rendered":"<div class=\"content\">\n<p>Em v\u00eddeo publicado na TV247, a presidenta do Sindicato dos\u00a0<strong>Banc\u00e1rios<\/strong>\u00a0de S\u00e3o Paulo, Osasco e Regi\u00e3o, Ivone Silva, chama aten\u00e7\u00e3o para a influ\u00eancia do\u00a0<strong>racismo<\/strong>\u00a0no mercado de trabalho. O depoimento da dirigente sindical \u00e9 parte das atividades daquele sindicato pelo M\u00eas da\u00a0<strong>Consci\u00eancia Negra<\/strong>. &#8220;Um m\u00eas de luta, de debates para realmente pensarmos como a quest\u00e3o do racismo pode ser percebida no mercado de trabalho e na vida.&#8221;<\/p>\n<p>Logo no in\u00edcio do v\u00eddeo, Ivone questiona o internauta sobre como pode ser percebida a discrimina\u00e7\u00e3o racial nos locais de trabalho e, exibindo dados do IBGE , mostra que a popula\u00e7\u00e3o negra \u00e9 a mais penalizada pela crise econ\u00f4mica e seus impactos sobre os empregos.<\/p>\n<p>&#8220;A popula\u00e7\u00e3o negra \u00e9 que enfrenta os maiores \u00edndices de desemprego em todas as regi\u00f5es do pa\u00eds. E entre a popula\u00e7\u00e3o negra ainda temos o recorte de g\u00eanero, que s\u00e3o as mulheres (negras e empregadas), que ganham menos ainda que os homens negros (empregados). Dos 13 milh\u00f5es de desempregados no Brasil, 64% pertencem \u00e0 popula\u00e7\u00e3o negra&#8221;, diz Ivone.<\/p>\n<p>Ela d\u00e1 um exemplo pr\u00e1tico de se perceber sinais de racismo nos locais de trabalho, citando seu setor, a categoria banc\u00e1ria: &#8220;muitas vezes voc\u00ea vai numa ag\u00eancia banc\u00e1ria e voc\u00ea n\u00e3o acha um negro dentro da ag\u00eancia. Ou, se achar, ele n\u00e3o vai estar nos cargos dos melhores sal\u00e1rios.&#8221;<\/p>\n<p>Ela afirma que mesmo na Bahia, em que 70% da popula\u00e7\u00e3o \u00e9 de afrodescendentes, \u00e9 raro encontrar trabalhadores negros nas ag\u00eancias dos bancos privados. E\u00a0lembra que \u00e9 maior a presen\u00e7a de negros e negras em bancos p\u00fablicos, como Banco do Brasil, Caixa e Banco do Nordeste, porque estes promovem concursos para a admiss\u00e3o de trabalhadores, o que reduz a sele\u00e7\u00e3o baseada na cor da pele.<\/p>\n<p>&#8220;Essa \u00e9 nossa grande discuss\u00e3o com todos os patr\u00f5es: como \u00e9 que n\u00f3s vamos fazer para inserir essa popula\u00e7\u00e3o negra no mercado de trabalho e, dentro do mercado de trabalho, que se fa\u00e7a a disputa nos cargos de melhores sal\u00e1rios tamb\u00e9m. Por isso a nossa luta, na categoria banc\u00e1ria, na metal\u00fargica, dos professores, ou seja, em todas as categorias que defendem os seus trabalhadores, \u00e9 tamb\u00e9m contra a discrimina\u00e7\u00e3o de ra\u00e7a,&#8221;<\/p>\n<p>Ivone finaliza lembrando a import\u00e2ncia de os trabalhadores fortalecerem seus sindicatos e que estes, por sua vez, devem promover a presen\u00e7a de dirigentes negros em seus quadros. &#8220;A nossa luta tamb\u00e9m \u00e9 que o movimento sindical tenha mais negros.&#8221;<\/p>\n<p>O v\u00eddeo \u00e9 encerrado com a l\u00edder banc\u00e1ria fazendo um chamamento pelo combate ao preconceito e ao racismo em todos os n\u00edveis. &#8220;Olhe \u00e0 sua volta e combata a discrimina\u00e7\u00e3o racial, seja na sua casa, no seu trabalho, na condu\u00e7\u00e3o, ou seja, onde voc\u00ea estiver. N\u00f3s aqui, no movimento sindical e n\u00f3s, trabalhadores, estamos lutando para que realmente tenhamos um mundo sem discrimina\u00e7\u00e3o racial.&#8221;<br \/>\u00a0<\/p>\n<p>Clique\u00a0<a href=\"https:\/\/www.redebrasilatual.com.br\/cidadania\/2018\/11\/voce-entra-numa-agencia-bancaria-e-nao-ve-um-negro-diz-ivone-silva\">aqui<\/a>\u00a0e assista ao v\u00eddeo.\u00a0<\/p>\n<\/div>\n<p id=\"page-author\"><strong>Fonte: Rede Brasil Atual<\/strong><\/p>\n","protected":false},"excerpt":{"rendered":"<p>Em v\u00eddeo publicado na TV247, a presidenta do Sindicato dos\u00a0Banc\u00e1rios\u00a0de S\u00e3o Paulo, Osasco e Regi\u00e3o, Ivone Silva, chama aten\u00e7\u00e3o para a influ\u00eancia do\u00a0racismo\u00a0no mercado de trabalho. O depoimento da dirigente sindical \u00e9 parte das atividades daquele sindicato pelo M\u00eas da\u00a0Consci\u00eancia Negra. &#8220;Um m\u00eas de luta, de debates para realmente pensarmos como a quest\u00e3o do racismo [&hellip;]<\/p>\n","protected":false},"author":2,"featured_media":5600,"comment_status":"","ping_status":"","sticky":false,"template":"","format":"standard","meta":{"footnotes":""},"categories":[3],"tags":[],"class_list":["post-5601","post","type-post","status-publish","format-standard","has-post-thumbnail","hentry","category-noticias"],"_links":{"self":[{"href":"https:\/\/hostnetart.com.br\/baixada\/wp-json\/wp\/v2\/posts\/5601","targetHints":{"allow":["GET"]}}],"collection":[{"href":"https:\/\/hostnetart.com.br\/baixada\/wp-json\/wp\/v2\/posts"}],"about":[{"href":"https:\/\/hostnetart.com.br\/baixada\/wp-json\/wp\/v2\/types\/post"}],"author":[{"embeddable":true,"href":"https:\/\/hostnetart.com.br\/baixada\/wp-json\/wp\/v2\/users\/2"}],"replies":[{"embeddable":true,"href":"https:\/\/hostnetart.com.br\/baixada\/wp-json\/wp\/v2\/comments?post=5601"}],"version-history":[{"count":0,"href":"https:\/\/hostnetart.com.br\/baixada\/wp-json\/wp\/v2\/posts\/5601\/revisions"}],"wp:featuredmedia":[{"embeddable":true,"href":"https:\/\/hostnetart.com.br\/baixada\/wp-json\/wp\/v2\/media\/5600"}],"wp:attachment":[{"href":"https:\/\/hostnetart.com.br\/baixada\/wp-json\/wp\/v2\/media?parent=5601"}],"wp:term":[{"taxonomy":"category","embeddable":true,"href":"https:\/\/hostnetart.com.br\/baixada\/wp-json\/wp\/v2\/categories?post=5601"},{"taxonomy":"post_tag","embeddable":true,"href":"https:\/\/hostnetart.com.br\/baixada\/wp-json\/wp\/v2\/tags?post=5601"}],"curies":[{"name":"wp","href":"https:\/\/api.w.org\/{rel}","templated":true}]}}