{"id":5595,"date":"2018-11-19T15:44:44","date_gmt":"2018-11-19T17:44:44","guid":{"rendered":"https:\/\/hostnetart.com.br\/baixada\/desemprego-entre-os-negros-e-maior-do-que-a-taxa-nacional\/"},"modified":"2018-11-19T15:44:44","modified_gmt":"2018-11-19T17:44:44","slug":"desemprego-entre-os-negros-e-maior-do-que-a-taxa-nacional","status":"publish","type":"post","link":"https:\/\/hostnetart.com.br\/baixada\/desemprego-entre-os-negros-e-maior-do-que-a-taxa-nacional\/","title":{"rendered":"Desemprego entre os negros \u00e9 maior do que a taxa nacional"},"content":{"rendered":"<div class=\"content\">\n<p>A crise econ\u00f4mica, pol\u00edtica e social no Brasil, agravada pelo golpe de 2016, atingiu mais fortemente os trabalhadores e trabalhadoras negros, aumentando ainda mais a hist\u00f3rica desigualdade racial no mercado de trabalho do pa\u00eds, como mostra pesquisa divulgada na quarta-feira (14), pelo Instituto Brasileiro de Geografia e Estat\u00edstica (IBGE).<\/p>\n<p>Em 2012, do total de 7,6 milh\u00f5es de pessoas desempregadas no pa\u00eds, 59,1% eram negros e negras (48,9% pardos e 10,2% pretos, como denomina o IBGE) e 40,2% eram brancos.<\/p>\n<p>No terceiro trimestre deste ano, o n\u00famero de desempregados subiu para 12,5 milh\u00f5es. Deste total, 64,2% eram negros e negras (52,2% pardos e 12% pretos). J\u00e1 a participa\u00e7\u00e3o dos brancos nesse contingente de desocupados reduziu para 34,7%.<\/p>\n<p>Ainda segundo o IBGE, a taxa de desocupa\u00e7\u00e3o dos que se declararam brancos no terceiro trimestre de 2018 foi de 9,4%. J\u00e1 a taxa dos pardos e pretos foi de 14,6% e 13,8%, respectivamente, superiores \u00e0 taxa nacional de 11,9%.<\/p>\n<p>No terceiro trimestre de 2018, os pardos e pretos passaram a representar 56,3% da popula\u00e7\u00e3o fora da for\u00e7a de trabalho, seguidos pelos brancos (42,5%).<\/p>\n<\/div>\n<p id=\"page-author\"><strong>Fonte: CUT Nacional<\/strong><\/p>\n","protected":false},"excerpt":{"rendered":"<p>A crise econ\u00f4mica, pol\u00edtica e social no Brasil, agravada pelo golpe de 2016, atingiu mais fortemente os trabalhadores e trabalhadoras negros, aumentando ainda mais a hist\u00f3rica desigualdade racial no mercado de trabalho do pa\u00eds, como mostra pesquisa divulgada na quarta-feira (14), pelo Instituto Brasileiro de Geografia e Estat\u00edstica (IBGE). Em 2012, do total de 7,6 [&hellip;]<\/p>\n","protected":false},"author":2,"featured_media":5594,"comment_status":"","ping_status":"","sticky":false,"template":"","format":"standard","meta":{"footnotes":""},"categories":[3],"tags":[],"class_list":["post-5595","post","type-post","status-publish","format-standard","has-post-thumbnail","hentry","category-noticias"],"_links":{"self":[{"href":"https:\/\/hostnetart.com.br\/baixada\/wp-json\/wp\/v2\/posts\/5595","targetHints":{"allow":["GET"]}}],"collection":[{"href":"https:\/\/hostnetart.com.br\/baixada\/wp-json\/wp\/v2\/posts"}],"about":[{"href":"https:\/\/hostnetart.com.br\/baixada\/wp-json\/wp\/v2\/types\/post"}],"author":[{"embeddable":true,"href":"https:\/\/hostnetart.com.br\/baixada\/wp-json\/wp\/v2\/users\/2"}],"replies":[{"embeddable":true,"href":"https:\/\/hostnetart.com.br\/baixada\/wp-json\/wp\/v2\/comments?post=5595"}],"version-history":[{"count":0,"href":"https:\/\/hostnetart.com.br\/baixada\/wp-json\/wp\/v2\/posts\/5595\/revisions"}],"wp:featuredmedia":[{"embeddable":true,"href":"https:\/\/hostnetart.com.br\/baixada\/wp-json\/wp\/v2\/media\/5594"}],"wp:attachment":[{"href":"https:\/\/hostnetart.com.br\/baixada\/wp-json\/wp\/v2\/media?parent=5595"}],"wp:term":[{"taxonomy":"category","embeddable":true,"href":"https:\/\/hostnetart.com.br\/baixada\/wp-json\/wp\/v2\/categories?post=5595"},{"taxonomy":"post_tag","embeddable":true,"href":"https:\/\/hostnetart.com.br\/baixada\/wp-json\/wp\/v2\/tags?post=5595"}],"curies":[{"name":"wp","href":"https:\/\/api.w.org\/{rel}","templated":true}]}}