{"id":5593,"date":"2018-11-16T17:01:37","date_gmt":"2018-11-16T19:01:37","guid":{"rendered":"https:\/\/hostnetart.com.br\/baixada\/especialistas-temem-aumento-da-violencia-contra-populacao-negra\/"},"modified":"2018-11-16T17:01:37","modified_gmt":"2018-11-16T19:01:37","slug":"especialistas-temem-aumento-da-violencia-contra-populacao-negra","status":"publish","type":"post","link":"https:\/\/hostnetart.com.br\/baixada\/especialistas-temem-aumento-da-violencia-contra-populacao-negra\/","title":{"rendered":"Especialistas temem aumento da viol\u00eancia contra popula\u00e7\u00e3o negra"},"content":{"rendered":"<p class=\" \">&#8220;Quando a gente v\u00ea um governo que ganha uma elei\u00e7\u00e3o a base de uma falsa \u2018seguran\u00e7a p\u00fablica\u2019 que n\u00e3o \u00e9 para todos, mas para poucos, e dizer que \u00e9 leg\u00edtimo matar, ficamos assustados, mas, ao mesmo tempo, a gente n\u00e3o tem \u00a0que se assustar, temos que enfrentar.&#8221; A afirma\u00e7\u00e3o de D\u00e9bora Silva, fundadora do movimento M\u00e3es de Maio, tem rela\u00e7\u00e3o direta com discursos de campanhas como as de Jair Bolsonaro e Jo\u00e3o Doria, eleitos presidente da Rep\u00fablica e governador de S\u00e3o Paulo.\u00a0 defende a fundadora em entrevista \u00e0 rep\u00f3rter Michelle Gomes,\u00a0<\/p>\n<p>D\u00e9bora foi ouvida pela rep\u00f3rter Michelle Gomes,\u00a0do\u00a0<em>Seu Jornal<\/em>, da\u00a0<strong>TVT,\u00a0<\/strong> durante evento promovido pelo Sesc Parque Dom Pedro II e a Ponte Jornalismo, dentro do projeto\u00a0Consci\u00eancia Negra, Presen\u00e7a e Resist\u00eancias. Para D\u00e9bora, o atual drama social que coloca a popula\u00e7\u00e3o negra como a que <a class=\"internal-link\" title=\"\" href=\"https:\/\/www.redebrasilatual.com.br\/cidadania\/2018\/06\/no-brasil-71-5-das-vitimas-de-assassinato-por-ano-sao-pretos-ou-pardos\" target=\"_blank\" rel=\"noopener noreferrer\">mais morre<\/a> e que mais est\u00e1\u00a0<a class=\"internal-link\" title=\"\" href=\"https:\/\/www.redebrasilatual.com.br\/cidadania\/2017\/12\/populacao-carceraria-no-pais-chega-a-726-mil-presos\" target=\"_blank\" rel=\"noopener noreferrer\">encarcerada<\/a>, poder\u00e1 ser agravado.<\/p>\n<p class=\" \">Segundo dados do Atlas da Viol\u00eancia, entre 2006 e 2016, a taxa de homic\u00eddios de negros aumentou 23,1%, enquanto a de brancos diminuiu 6,8%. A <a class=\"internal-link\" title=\"\" href=\"https:\/\/www.redebrasilatual.com.br\/cidadania\/2018\/11\/preconceito-em-sao-paulo-e-revelado-em-numeros\" target=\"_blank\" rel=\"noopener noreferrer\">popula\u00e7\u00e3o negra <\/a>tamb\u00e9m representa 71,5% das v\u00edtimas de assassinatos e nos pres\u00eddios brasileiros, de acordo com dados do Levantamento Nacional de Informa\u00e7\u00f5es Penitenci\u00e1rias (Infopen), s\u00e3o 64% dos encarcerados. Para a advogada e palestrante Dina Alves, esta realidade decorre de uma &#8220;falsa aboli\u00e7\u00e3o no pa\u00eds&#8221;.<\/p>\n<p class=\" \">&#8220;Por tr\u00e1s de tudo isso, dos n\u00fameros, do encarceramento e das mortes, est\u00e1 a presen\u00e7a persistente do racismo estrutural nas rela\u00e7\u00f5es dos agentes de seguran\u00e7a p\u00fablica e dos operadores do direito&#8221;, afirma a advogada.<\/p>\n<p class=\" \">\u00a0<\/p>\n<p class=\" \"><strong>Fonte: Rede Brasil Atual<\/strong><\/p>\n","protected":false},"excerpt":{"rendered":"<p>&#8220;Quando a gente v\u00ea um governo que ganha uma elei\u00e7\u00e3o a base de uma falsa \u2018seguran\u00e7a p\u00fablica\u2019 que n\u00e3o \u00e9 para todos, mas para poucos, e dizer que \u00e9 leg\u00edtimo matar, ficamos assustados, mas, ao mesmo tempo, a gente n\u00e3o tem \u00a0que se assustar, temos que enfrentar.&#8221; A afirma\u00e7\u00e3o de D\u00e9bora Silva, fundadora do movimento [&hellip;]<\/p>\n","protected":false},"author":2,"featured_media":5592,"comment_status":"","ping_status":"","sticky":false,"template":"","format":"standard","meta":{"footnotes":""},"categories":[3],"tags":[],"class_list":["post-5593","post","type-post","status-publish","format-standard","has-post-thumbnail","hentry","category-noticias"],"_links":{"self":[{"href":"https:\/\/hostnetart.com.br\/baixada\/wp-json\/wp\/v2\/posts\/5593","targetHints":{"allow":["GET"]}}],"collection":[{"href":"https:\/\/hostnetart.com.br\/baixada\/wp-json\/wp\/v2\/posts"}],"about":[{"href":"https:\/\/hostnetart.com.br\/baixada\/wp-json\/wp\/v2\/types\/post"}],"author":[{"embeddable":true,"href":"https:\/\/hostnetart.com.br\/baixada\/wp-json\/wp\/v2\/users\/2"}],"replies":[{"embeddable":true,"href":"https:\/\/hostnetart.com.br\/baixada\/wp-json\/wp\/v2\/comments?post=5593"}],"version-history":[{"count":0,"href":"https:\/\/hostnetart.com.br\/baixada\/wp-json\/wp\/v2\/posts\/5593\/revisions"}],"wp:featuredmedia":[{"embeddable":true,"href":"https:\/\/hostnetart.com.br\/baixada\/wp-json\/wp\/v2\/media\/5592"}],"wp:attachment":[{"href":"https:\/\/hostnetart.com.br\/baixada\/wp-json\/wp\/v2\/media?parent=5593"}],"wp:term":[{"taxonomy":"category","embeddable":true,"href":"https:\/\/hostnetart.com.br\/baixada\/wp-json\/wp\/v2\/categories?post=5593"},{"taxonomy":"post_tag","embeddable":true,"href":"https:\/\/hostnetart.com.br\/baixada\/wp-json\/wp\/v2\/tags?post=5593"}],"curies":[{"name":"wp","href":"https:\/\/api.w.org\/{rel}","templated":true}]}}