{"id":5591,"date":"2018-11-16T16:57:55","date_gmt":"2018-11-16T18:57:55","guid":{"rendered":"https:\/\/hostnetart.com.br\/baixada\/proclamacao-da-republica-foi-um-golpe-da-elite-que-queria-branquear-o-pais\/"},"modified":"2018-11-16T16:57:55","modified_gmt":"2018-11-16T18:57:55","slug":"proclamacao-da-republica-foi-um-golpe-da-elite-que-queria-branquear-o-pais","status":"publish","type":"post","link":"https:\/\/hostnetart.com.br\/baixada\/proclamacao-da-republica-foi-um-golpe-da-elite-que-queria-branquear-o-pais\/","title":{"rendered":"Proclama\u00e7\u00e3o da Rep\u00fablica foi um golpe da elite que queria branquear o pa\u00eds"},"content":{"rendered":"<p>A <strong>Proclama\u00e7\u00e3o da Rep\u00fablica<\/strong>, celebrada neste 15 de novembro, foi um movimento alheio \u00e0 participa\u00e7\u00e3o popular, sem envolvimento social e articulado por alguns setores da elite em conjunto com setores militares. Quem explica \u00e9 o professor de Ci\u00eancias Econ\u00f4micas Ramatis Jacino,\u00a0da Universidade Federal do ABC (<strong>UFABC<\/strong>), para quem foi a disputa de poder entre setores da oligarquia, e n\u00e3o um consenso nacional por um avan\u00e7o civilizat\u00f3rio, que conduziu a a\u00e7\u00e3o capitaneada pelo marechal Deodoro da Fonseca em 1889.\u00a0<\/p>\n<p>Em bom portugu\u00eas, um <strong>golpe<\/strong> civil-militar, como se veria mais adiante em outros momentos da hist\u00f3ria do Brasil. Havia grupos que se articulavam em torno da monarquia e a mantinham como sistema de governo, e na ocasi\u00e3o surgia fortemente uma nova elite do agroneg\u00f3cio cafeeiro, que criaria o Partido Republicano. &#8220;N\u00e3o havia uma demanda popular para isso.&#8221;<\/p>\n<p>O movimento se situava num ambiente de mudan\u00e7a na composi\u00e7\u00e3o econ\u00f4mica do pa\u00eds, que um ano antes, sob a influ\u00eancia inglesa que crescia pleiteando a amplia\u00e7\u00e3o de mercados consumidores, havia abolido a escravid\u00e3o.<\/p>\n<p>Ramatis Jacino \u00e9 pesquisador do\u00a0per\u00edodo de transi\u00e7\u00e3o do trabalho escravo para o trabalho livre, como os ex-escravizados sobreviviam no novo modelo econ\u00f4mico e como aquela sociedade em constru\u00e7\u00e3o se comportava em rela\u00e7\u00e3o aos negros oriundos do cativeiro. A influ\u00eancia daquelas transforma\u00e7\u00f5es e seus impactos nas rela\u00e7\u00f5es de ra\u00e7a, g\u00eanero e na composi\u00e7\u00e3o da renda nacional \u00e9 o foco de seus estudos.\u00a0<\/p>\n<p>Nesta entrevista \u00e0 jornalista Marilu Caba\u00f1as, da <strong>R\u00e1dio Brasil Atual<\/strong>, Jacino explica que havia uma expectativa desse setor ascendente da elite de &#8220;branquear&#8221; o pa\u00eds. &#8220;Branquear o pa\u00eds significava marginalizar e desescravizar seus descendentes. Da\u00ed vem tamb\u00e9m o movimento de fortalecimento da imigra\u00e7\u00e3o, combinado com um impedimento (<em>dos desescravizados<\/em>) de acesso ao estudo, ao trabalho, \u00e0 terra. Desenrola-se todo um processo de exclus\u00e3o social dessa popula\u00e7\u00e3o.&#8221;<\/p>\n<p>Embora o sistema republicano represente, em tese, um avan\u00e7o civilizat\u00f3rio \u2013 que se definiria melhor na metade do s\u00e9culo 20, o pov\u00e3o se sentia t\u00e3o pouco representado pela elite dita republicana que acabava defendendo a monarquia. Grandes movimentos sociais que eclodiram, com em Canudos (BA), com Ant\u00f4nio Conselheiro, e do Contestado (SC), eram monarquistas, diz o professor.<\/p>\n<p>\u00a0<\/p>\n<p><strong><span style=\"text-decoration: underline;\">Fonte: Rede Brasil Atual<\/span><\/strong><\/p>\n","protected":false},"excerpt":{"rendered":"<p>A Proclama\u00e7\u00e3o da Rep\u00fablica, celebrada neste 15 de novembro, foi um movimento alheio \u00e0 participa\u00e7\u00e3o popular, sem envolvimento social e articulado por alguns setores da elite em conjunto com setores militares. Quem explica \u00e9 o professor de Ci\u00eancias Econ\u00f4micas Ramatis Jacino,\u00a0da Universidade Federal do ABC (UFABC), para quem foi a disputa de poder entre setores [&hellip;]<\/p>\n","protected":false},"author":2,"featured_media":5590,"comment_status":"","ping_status":"","sticky":false,"template":"","format":"standard","meta":{"footnotes":""},"categories":[3],"tags":[],"class_list":["post-5591","post","type-post","status-publish","format-standard","has-post-thumbnail","hentry","category-noticias"],"_links":{"self":[{"href":"https:\/\/hostnetart.com.br\/baixada\/wp-json\/wp\/v2\/posts\/5591","targetHints":{"allow":["GET"]}}],"collection":[{"href":"https:\/\/hostnetart.com.br\/baixada\/wp-json\/wp\/v2\/posts"}],"about":[{"href":"https:\/\/hostnetart.com.br\/baixada\/wp-json\/wp\/v2\/types\/post"}],"author":[{"embeddable":true,"href":"https:\/\/hostnetart.com.br\/baixada\/wp-json\/wp\/v2\/users\/2"}],"replies":[{"embeddable":true,"href":"https:\/\/hostnetart.com.br\/baixada\/wp-json\/wp\/v2\/comments?post=5591"}],"version-history":[{"count":0,"href":"https:\/\/hostnetart.com.br\/baixada\/wp-json\/wp\/v2\/posts\/5591\/revisions"}],"wp:featuredmedia":[{"embeddable":true,"href":"https:\/\/hostnetart.com.br\/baixada\/wp-json\/wp\/v2\/media\/5590"}],"wp:attachment":[{"href":"https:\/\/hostnetart.com.br\/baixada\/wp-json\/wp\/v2\/media?parent=5591"}],"wp:term":[{"taxonomy":"category","embeddable":true,"href":"https:\/\/hostnetart.com.br\/baixada\/wp-json\/wp\/v2\/categories?post=5591"},{"taxonomy":"post_tag","embeddable":true,"href":"https:\/\/hostnetart.com.br\/baixada\/wp-json\/wp\/v2\/tags?post=5591"}],"curies":[{"name":"wp","href":"https:\/\/api.w.org\/{rel}","templated":true}]}}