{"id":5587,"date":"2018-11-14T17:34:49","date_gmt":"2018-11-14T19:34:49","guid":{"rendered":"https:\/\/hostnetart.com.br\/baixada\/desmatamento-na-amazonia-esta-proximo-de-atingir-estagio-irreversivel\/"},"modified":"2018-11-14T17:34:49","modified_gmt":"2018-11-14T19:34:49","slug":"desmatamento-na-amazonia-esta-proximo-de-atingir-estagio-irreversivel","status":"publish","type":"post","link":"https:\/\/hostnetart.com.br\/baixada\/desmatamento-na-amazonia-esta-proximo-de-atingir-estagio-irreversivel\/","title":{"rendered":"Desmatamento na Amaz\u00f4nia est\u00e1 pr\u00f3ximo de atingir est\u00e1gio irrevers\u00edvel"},"content":{"rendered":"<p class=\" \">A Amaz\u00f4nia est\u00e1 perto de atingir um percentual irrevers\u00edvel de <a class=\"internal-link\" title=\"\" href=\"https:\/\/www.redebrasilatual.com.br\/ambiente\/2018\/10\/alinhado-a-bolsonaro-governo-temer-desmonta-protecao-a-amazonia\" target=\"_blank\" rel=\"noopener noreferrer\">desmatamento<\/a>, de acordo com \u00faltimo relat\u00f3rio do Fundo Mundial para a Natureza da organiza\u00e7\u00e3o em defesa do meio ambiente WWF. Os dados do estudo apontam para o aumento na devasta\u00e7\u00e3o florestal da regi\u00e3o no per\u00edodo de 1970 a 2018, com uma redu\u00e7\u00e3o de 20% da sua \u00e1rea.\u00a0<\/p>\n<p class=\" \">Em entrevista \u00e0 jornalista Marilu Caba\u00f1as, na <b>R\u00e1dio Brasil Atual<\/b>, o professor do Departamento de Geografia e do Programa de P\u00f3s-gradua\u00e7\u00e3o em Ci\u00eancia Ambiental da Universidade de S\u00e3o Paulo (USP), Wagner Ribeiro, avaliou que se houver o aumento na taxa de desmatamento apontado pelo estudo, chegando a 25%, n\u00e3o ser\u00e1 poss\u00edvel recuperar a vegeta\u00e7\u00e3o e os <a class=\"internal-link\" title=\"\" href=\"https:\/\/www.redebrasilatual.com.br\/ambiente\/2018\/11\/entidades-vao-a-cop-14-denunciar-violacoes-no-brasil-e-seus-riscos-para-o-ambiente-global\" target=\"_blank\" rel=\"noopener noreferrer\">servi\u00e7os ambientais<\/a> da Amaz\u00f4nia.<\/p>\n<p class=\" \">De acordo com Ribeiro, a perda do florestamento do bioma tem desdobramentos n\u00e3o apenas sobre a biodiversidade da regi\u00e3o, mas afeta tamb\u00e9m as comunidades da \u00e1rea e os servi\u00e7os h\u00eddricos, e dever\u00e1 ser um dos desafios do futuro presidente Jair Bolsonaro (PSL).<\/p>\n<p class=\" \">&#8220;\u00c9 necess\u00e1rio falar muito sobre isso. S\u00e3o pesquisadores s\u00e9rios, de campos diferentes, que apontam para a mesma dire\u00e7\u00e3o. Ent\u00e3o n\u00e3o d\u00e1 para dizer que \u00e9 moda ou ideol\u00f3gico. N\u00e3o, isso \u00e9 objetivo, l\u00f3gico, est\u00e1 claro e demonstrado, n\u00e3o h\u00e1 ideologia nestes aspectos. Temos que repensar para que estes n\u00fameros n\u00e3o aumentem mais&#8221;, adverte o professor.<\/p>\n<p class=\" \">\u00a0<\/p>\n<p class=\" \"><strong>Fonte: Rede Brasil Atual<\/strong><\/p>\n","protected":false},"excerpt":{"rendered":"<p>A Amaz\u00f4nia est\u00e1 perto de atingir um percentual irrevers\u00edvel de desmatamento, de acordo com \u00faltimo relat\u00f3rio do Fundo Mundial para a Natureza da organiza\u00e7\u00e3o em defesa do meio ambiente WWF. Os dados do estudo apontam para o aumento na devasta\u00e7\u00e3o florestal da regi\u00e3o no per\u00edodo de 1970 a 2018, com uma redu\u00e7\u00e3o de 20% da [&hellip;]<\/p>\n","protected":false},"author":2,"featured_media":5586,"comment_status":"","ping_status":"","sticky":false,"template":"","format":"standard","meta":{"footnotes":""},"categories":[3],"tags":[],"class_list":["post-5587","post","type-post","status-publish","format-standard","has-post-thumbnail","hentry","category-noticias"],"_links":{"self":[{"href":"https:\/\/hostnetart.com.br\/baixada\/wp-json\/wp\/v2\/posts\/5587","targetHints":{"allow":["GET"]}}],"collection":[{"href":"https:\/\/hostnetart.com.br\/baixada\/wp-json\/wp\/v2\/posts"}],"about":[{"href":"https:\/\/hostnetart.com.br\/baixada\/wp-json\/wp\/v2\/types\/post"}],"author":[{"embeddable":true,"href":"https:\/\/hostnetart.com.br\/baixada\/wp-json\/wp\/v2\/users\/2"}],"replies":[{"embeddable":true,"href":"https:\/\/hostnetart.com.br\/baixada\/wp-json\/wp\/v2\/comments?post=5587"}],"version-history":[{"count":0,"href":"https:\/\/hostnetart.com.br\/baixada\/wp-json\/wp\/v2\/posts\/5587\/revisions"}],"wp:featuredmedia":[{"embeddable":true,"href":"https:\/\/hostnetart.com.br\/baixada\/wp-json\/wp\/v2\/media\/5586"}],"wp:attachment":[{"href":"https:\/\/hostnetart.com.br\/baixada\/wp-json\/wp\/v2\/media?parent=5587"}],"wp:term":[{"taxonomy":"category","embeddable":true,"href":"https:\/\/hostnetart.com.br\/baixada\/wp-json\/wp\/v2\/categories?post=5587"},{"taxonomy":"post_tag","embeddable":true,"href":"https:\/\/hostnetart.com.br\/baixada\/wp-json\/wp\/v2\/tags?post=5587"}],"curies":[{"name":"wp","href":"https:\/\/api.w.org\/{rel}","templated":true}]}}