{"id":5571,"date":"2018-11-13T13:25:56","date_gmt":"2018-11-13T15:25:56","guid":{"rendered":"https:\/\/hostnetart.com.br\/baixada\/capitalizacao-e-destruicao-da-previdencia-publica-alerta-seminario-da-anapar-em-porto-alegre\/"},"modified":"2018-11-13T13:25:56","modified_gmt":"2018-11-13T15:25:56","slug":"capitalizacao-e-destruicao-da-previdencia-publica-alerta-seminario-da-anapar-em-porto-alegre","status":"publish","type":"post","link":"https:\/\/hostnetart.com.br\/baixada\/capitalizacao-e-destruicao-da-previdencia-publica-alerta-seminario-da-anapar-em-porto-alegre\/","title":{"rendered":"\u201cCapitaliza\u00e7\u00e3o \u00e9 destrui\u00e7\u00e3o da previd\u00eancia p\u00fablica\u201d, alerta semin\u00e1rio da Anapar em Porto Alegre"},"content":{"rendered":"<div class=\"content\">\n<p>A proposta do guru econ\u00f4mico e futuro ministro da Fazenda, do presidente eleito Jair Bolsonaro (PSL), Paulo Guedes, de implantar um modelo de capitaliza\u00e7\u00e3o individual, sem contribui\u00e7\u00e3o patronal, em substitui\u00e7\u00e3o \u00e0 Previd\u00eancia Social, foi duramente criticada no XV Semin\u00e1rio de Participantes de Fundos de Pens\u00e3o, que terminou no final da tarde desta sexta-feira (9), no Hotel Embaixador, no centro de Porto Alegre.<\/p>\n<p>\u201cCapitaliza\u00e7\u00e3o \u00e9 destrui\u00e7\u00e3o da previd\u00eancia p\u00fablica\u201d, afirmou o ex-presidente e atual diretor da Associa\u00e7\u00e3o Nacional dos Participantes de Fundos de Pens\u00e3o (Anapar), Jos\u00e9 Ricardo Sasseron. Ele apontou que esse modelo fracassou nos pa\u00edses das Am\u00e9ricas, onde foi introduzido, como no Chile durante o governo do ditador Augusto Pinochet.<\/p>\n<p>Para Sasseron, que j\u00e1 foi diretor eleito da Previ, \u201cn\u00e3o existe previd\u00eancia sem solidariedade\u201d, defendendo o atual sistema vigente no Brasil. \u201cN\u00e3o podemos aceitar a capitaliza\u00e7\u00e3o de jeito nenhum\u201d, frisou.<\/p>\n<p>O dirigente da Anapar observou que \u201cn\u00e3o podemos colocar a previd\u00eancia p\u00fablica contra a previd\u00eancia complementar, uma vez que ambas se completam\u201d. Al\u00e9m disso, ressaltou que os recursos investidos nos fundos de pens\u00e3o possuem maior rentabilidade em compara\u00e7\u00e3o aos planos privados dos bancos diante da cobran\u00e7a de altas taxas de administra\u00e7\u00e3o para aumentar os lucros dos acionistas.<\/p>\n<p><strong>Previd\u00eancia \u00e9 altamente rent\u00e1vel aos bancos<\/strong><\/p>\n<p>Sasseron denunciou o interesse do sistema financeiro na reforma da Previd\u00eancia ainda no final do governo Temer ou logo no in\u00edcio do governo Bolsonaro. Segundo ele, \u201ca previd\u00eancia privada \u00e9 altamente rent\u00e1vel aos bancos\u201d.<\/p>\n<p>Ele alertou tamb\u00e9m para as demais premissas da proposta da equipe de Bolsonaro, que v\u00eam sendo divulgadas pela m\u00eddia, como a idade m\u00ednima de 65 anos para os homens e 62 anos para as mulheres, a redu\u00e7\u00e3o do valor das pens\u00f5es, a extin\u00e7\u00e3o da contribui\u00e7\u00e3o patronal sobre a folha de pagamento e a desvincula\u00e7\u00e3o do piso previdenci\u00e1rio do sal\u00e1rio m\u00ednimo, dentre outras.<\/p>\n<p>O diretor da Anapar salientou ainda que o fim da previd\u00eancia p\u00fablica comprometeria n\u00e3o somente o futuro das aposentadorias, como o pagamento dos benef\u00edcios dos atuais aposentados e pensionistas, al\u00e9m de agravar a sa\u00fade da popula\u00e7\u00e3o e levar ao crescimento da mis\u00e9ria. Tamb\u00e9m enfatizou que, ap\u00f3s a reforma trabalhista do governo Temer, a taxa de desemprego permanece muito alta, como caiu o emprego com carteira assinada e aumentou o mercado informal, prejudicando a arrecada\u00e7\u00e3o da Previd\u00eancia.<\/p>\n<p><strong>A import\u00e2ncia da representa\u00e7\u00e3o da Anapar<\/strong><\/p>\n<p>O presidente da Anapar, Antonio Br\u00e1ulio de Carvalho, fez uma exposi\u00e7\u00e3o sobre a atua\u00e7\u00e3o da entidade, que nasceu em 2001 para defender os participantes de fundos de pens\u00e3o. \u201cNa \u00e9poca, eles n\u00e3o tinham representa\u00e7\u00e3o, enquanto as empresas patrocinadoras j\u00e1 possu\u00edam, como a Abrapp\u201d.<\/p>\n<p>Ele frisou a import\u00e2ncia de todos os participantes se filiarem. \u201cA anuidade custa R$ 50, o que equivalente a um cafezinho por m\u00eas\u201d, comparou. O dirigente tamb\u00e9m destacou a necessidade de a Anapar passar a representar tamb\u00e9m os direitos dos associados de seus planos de sa\u00fade, hoje amea\u00e7ados pela Resolu\u00e7\u00e3o 23 da CGPAR.<\/p>\n<p>Br\u00e1ulio lembrou tamb\u00e9m que, a partir da extin\u00e7\u00e3o do Minist\u00e9rio da Previd\u00eancia, os benef\u00edcios que eram sociais passaram a ser financeiros, uma vez que a gest\u00e3o passou para o Minist\u00e9rio da Fazenda.<\/p>\n<p><strong>Sistema financeiro captura renda da sociedade<\/strong><\/p>\n<p>A atua\u00e7\u00e3o dos bancos foi tamb\u00e9m criticada pelo dirigente da Anapar. \u201cO sistema financeiro captura parte dos sal\u00e1rios e benef\u00edcios dos brasileiros, atrav\u00e9s das altas taxas de juros e tarifas cobradas nos empr\u00e9stimos, no cheque especial e no rotativo\u201d, destacou.<\/p>\n<p>\u201cOs direitos previdenci\u00e1rios enfrentam hoje o mais duro ass\u00e9dio dos setores dominantes da economia, em particular dos bancos. Isto porque o projeto de pa\u00eds est\u00e1 estruturado para privilegiar o setor financeiro e aumentar o lucro do empresariado \u00e0 medida que suprime direitos e garantias conquistadas pelos setores mais fragilizados da sociedade\u201d.<\/p>\n<p>Tamb\u00e9m alertou que o cen\u00e1rio pol\u00edtico que a previd\u00eancia complementar enfrentar\u00e1 no governo Bolsonaro. Segundo ele, o projeto vencedor est\u00e1 baseado no estado penal (policial), vis\u00e3o liberalizante e enxugamento do estado. Al\u00e9m disso, alertou para as principais demandas do mercado, que apoiou o governo eleito, como as mudan\u00e7as na forma de contrata\u00e7\u00e3o, a flexibiliza\u00e7\u00e3o da jornada, o rebaixamento da remunera\u00e7\u00e3o e o fim da representa\u00e7\u00e3o sindical.<\/p>\n<p>Para Br\u00e1ulio, \u201co est\u00edmulo \u00e0 alta rotatividade e o est\u00edmulo ao uso indiscriminado da terceiriza\u00e7\u00e3o contraria a finalidade das previd\u00eancias p\u00fablica e privada, que consistem em uma rela\u00e7\u00e3o de longa dura\u00e7\u00e3o\u201d. Ele acentuou que \u201ccom a pejotiza\u00e7\u00e3o e o contrato intermitente, o impacto ser\u00e1 grande para a Previd\u00eancia\u201d.<\/p>\n<p><strong>Lutas dos participantes<\/strong><\/p>\n<p>Ele apresentou as principais bandeiras dos participantes, como a luta pela volta do Minist\u00e9rio da Previd\u00eancia, a mobiliza\u00e7\u00e3o contra a reforma da Previd\u00eancia, a luta contra a unifica\u00e7\u00e3o da Previc com a Susep que visa favorecer o capital financeiro, e a luta pela democratiza\u00e7\u00e3o dos fundos de pens\u00e3o e pela paridade em todas as inst\u00e2ncias de decis\u00e3o e sem voto de qualidade.<\/p>\n<p>Preocupado com a retomada da reforma da Previd\u00eancia, o presidente da Anapar anunciou a realiza\u00e7\u00e3o de uma reuni\u00e3o ampliada de entidades representativas, a ser realizada no pr\u00f3ximo dia 21, em Bras\u00edlia, para organizar e acompanhar esse processo, \u201ca fim de n\u00e3o sermos surpreendidos\u201d. A atividade ocorrer\u00e1 um dia antes do 13\u00ba Encontro de Dirigentes de Fundos de Pens\u00e3o.<\/p>\n<p>O semin\u00e1rio reuniu mais de 120 pessoas desde quinta-feira (8) e foi promovido pela Regional do Rio Grande do Sul, da Anapar. O evento foi encerrado com um painel sobre os segredos para longevidade com qualidade de vida.<\/p>\n<\/div>\n<p id=\"page-author\"><span style=\"text-decoration: underline;\"><em><strong>Fonte: CUT RS<\/strong><\/em><\/span><\/p>\n","protected":false},"excerpt":{"rendered":"<p>A proposta do guru econ\u00f4mico e futuro ministro da Fazenda, do presidente eleito Jair Bolsonaro (PSL), Paulo Guedes, de implantar um modelo de capitaliza\u00e7\u00e3o individual, sem contribui\u00e7\u00e3o patronal, em substitui\u00e7\u00e3o \u00e0 Previd\u00eancia Social, foi duramente criticada no XV Semin\u00e1rio de Participantes de Fundos de Pens\u00e3o, que terminou no final da tarde desta sexta-feira (9), no [&hellip;]<\/p>\n","protected":false},"author":2,"featured_media":5570,"comment_status":"","ping_status":"","sticky":false,"template":"","format":"standard","meta":{"footnotes":""},"categories":[3],"tags":[],"class_list":["post-5571","post","type-post","status-publish","format-standard","has-post-thumbnail","hentry","category-noticias"],"_links":{"self":[{"href":"https:\/\/hostnetart.com.br\/baixada\/wp-json\/wp\/v2\/posts\/5571","targetHints":{"allow":["GET"]}}],"collection":[{"href":"https:\/\/hostnetart.com.br\/baixada\/wp-json\/wp\/v2\/posts"}],"about":[{"href":"https:\/\/hostnetart.com.br\/baixada\/wp-json\/wp\/v2\/types\/post"}],"author":[{"embeddable":true,"href":"https:\/\/hostnetart.com.br\/baixada\/wp-json\/wp\/v2\/users\/2"}],"replies":[{"embeddable":true,"href":"https:\/\/hostnetart.com.br\/baixada\/wp-json\/wp\/v2\/comments?post=5571"}],"version-history":[{"count":0,"href":"https:\/\/hostnetart.com.br\/baixada\/wp-json\/wp\/v2\/posts\/5571\/revisions"}],"wp:featuredmedia":[{"embeddable":true,"href":"https:\/\/hostnetart.com.br\/baixada\/wp-json\/wp\/v2\/media\/5570"}],"wp:attachment":[{"href":"https:\/\/hostnetart.com.br\/baixada\/wp-json\/wp\/v2\/media?parent=5571"}],"wp:term":[{"taxonomy":"category","embeddable":true,"href":"https:\/\/hostnetart.com.br\/baixada\/wp-json\/wp\/v2\/categories?post=5571"},{"taxonomy":"post_tag","embeddable":true,"href":"https:\/\/hostnetart.com.br\/baixada\/wp-json\/wp\/v2\/tags?post=5571"}],"curies":[{"name":"wp","href":"https:\/\/api.w.org\/{rel}","templated":true}]}}