{"id":557,"date":"2014-01-27T00:00:00","date_gmt":"2014-01-27T02:00:00","guid":{"rendered":"https:\/\/hostnetart.com.br\/baixada\/inicia-votacao-ao-conselho-do-saude-caixa-contraf-cut-apoia-chapa-1\/"},"modified":"2014-01-27T00:00:00","modified_gmt":"2014-01-27T02:00:00","slug":"inicia-votacao-ao-conselho-do-saude-caixa-contraf-cut-apoia-chapa-1","status":"publish","type":"post","link":"https:\/\/hostnetart.com.br\/baixada\/inicia-votacao-ao-conselho-do-saude-caixa-contraf-cut-apoia-chapa-1\/","title":{"rendered":"Inicia vota\u00e7\u00e3o ao Conselho do Sa\u00fade Caixa. Contraf-CUT apoia Chapa 1"},"content":{"rendered":"<p>Come\u00e7a nesta segunda-feira (27) a elei\u00e7\u00e3o para escolha dos representantes dos empregados no Conselho de Usu\u00e1rios do Sa\u00fade Caixa, integrado paritariamente por integrantes eleitos pelos trabalhadores e por indicados pela Caixa. A vota\u00e7\u00e3o \u00e9 eletr\u00f4nica e vai at\u00e9 sexta-feira (31).<\/p>\n<p>\u00a0<\/p>\n<p>\u00a0<\/p>\n<p>A Contraf-CUT apoia a\u00a0<strong>Chapa 1 \u2013 Movimento pela Sa\u00fade<\/strong>, formada por empregados ativos e aposentados, contando tamb\u00e9m com o apoio da maioria dos sindicatos, federa\u00e7\u00f5es e Apcefs, Fenae, Fenacef, Fenag e Unei.<\/p>\n<p>\u00a0<\/p>\n<p>\u00a0<\/p>\n<p>Mais quatro chapas disputam as elei\u00e7\u00f5es. O resultado ser\u00e1 divulgado no dia 4 de fevereiro. A posse dos conselheiros eleitos est\u00e1 marcada para o dia 14 de fevereiro, em Bras\u00edlia.<\/p>\n<p>\u00a0<\/p>\n<p>\u00a0<\/p>\n<p>O Conselho de Usu\u00e1rios \u00e9 uma inst\u00e2ncia aut\u00f4noma, mas sem car\u00e1ter deliberativo, composta de forma parit\u00e1ria por cinco membros titulares eleitos pelos participantes e por cinco indicados pela Caixa, al\u00e9m de seus respectivos suplentes.<\/p>\n<p><strong>Vote Chapa 1<\/strong><\/p>\n<p>Para a Contraf-CUT, a\u00a0<strong>Chapa 1<\/strong>\u00a0\u00e9 a mais preparada para enfrentar os atuais desafios, ampliar os direitos e lutar pela melhoria dos servi\u00e7os oferecidos pelo Sa\u00fade Caixa. Os conselheiros eleitos t\u00eam mandato de 36 meses.<\/p>\n<p>\u201cApoiamos com entusiasmo a\u00a0<strong>Chapa 1<\/strong>\u00a0porque \u00e9 integrada por candidatos comprometidos com a manuten\u00e7\u00e3o e a amplia\u00e7\u00e3o dos direitos no Sa\u00fade Caixa. Todas as conquistas j\u00e1 obtidas foram resultado da ousadia, unidade e mobiliza\u00e7\u00e3o dos empregados da Caixa ao longo dos anos, mostrando que esse \u00e9 o caminho seguro para seguir avan\u00e7ando cada vez mais\u201d, afirma Carlos Cordeiro, presidente da Contraf-CUT.<\/p>\n<p>\u201cO Sa\u00fade Caixa n\u00e3o \u00e9 um plano de sa\u00fade qualquer, mas \u00e9 um programa financeiramente mais justo para todos, que garante a responsabilidade conjunta da empresa para a sua manuten\u00e7\u00e3o e assegura a participa\u00e7\u00e3o dos empregados na sua gest\u00e3o\u201d, destaca Jair Ferreira, coordenador da Comiss\u00e3o Executiva dos Empregados (CEE\/Caixa), que assessora a Contraf-CUT nas negocia\u00e7\u00f5es com o banco. \u201cCom toda certeza, a\u00a0<strong>Chapa 1<\/strong>\u00a0ser\u00e1 a voz dos usu\u00e1rios junto \u00e0 gest\u00e3o do Sa\u00fade Caixa\u201d, ressalta Jair.<\/p>\n<p><strong>Alguns dos compromissos da Chapa 1\u00a0<\/strong><\/p>\n<p>&#8211; manter e aperfei\u00e7oar o plano de sa\u00fade, sustentando o princ\u00edpio da solidariedade;<br \/>&#8211; defender a amplia\u00e7\u00e3o do atendimento odontol\u00f3gico;<br \/>&#8211; garantir os direitos dos aposentados;<br \/>&#8211; implantar um canal de comunica\u00e7\u00e3o do Conselho de Usu\u00e1rios com os benefici\u00e1rios;<br \/>&#8211; lutar pela amplia\u00e7\u00e3o e qualifica\u00e7\u00e3o da rede credenciada;<br \/>&#8211; apoiar a cria\u00e7\u00e3o de representa\u00e7\u00f5es do Sa\u00fade Caixa nos estados;<br \/>&#8211; buscar a redu\u00e7\u00e3o da burocracia;<br \/>&#8211; realizar estudo atuarial para melhoria de cobertura, sem comprometer a viabilidade do plano; e<br \/>&#8211; realizar estudo para inclus\u00e3o de pais com baixa renda, sem comprometer financeiramente o plano.<\/p>\n<p><strong>Conhe\u00e7a os candidatos da Chapa 1<\/strong><\/p>\n<p><strong>Titulares<\/strong><br \/>Adeir Jos\u00e9 da Silva: aposentado (MG)<br \/>Alexandro Tadeu do Livramento: S\u00e3o Paulo (SP)<br \/>Ivanilde Moreira de Miranda: S\u00e3o Paulo (SP)<br \/>Paulo Roberto Borges de Lima: Fortaleza (CE)<br \/>Vanessa Sobreira Pereira: Bras\u00edlia (DF)<\/p>\n<p><strong>Suplentes<\/strong><br \/>\u00c1lvaro Roberto de Figueiredo Murce: aposentado (RJ)<br \/>Ant\u00f4nio Abdan Teixeira Silva: Bras\u00edlia (DF)<br \/>Ivoneide Gomes Brand\u00e3o: Garanhuns, PE<br \/>L\u00edlian Minchin: S\u00e3o Paulo (SP)<br \/>Tiago Vasconcelos Pedroso: Porto Alegre (RS)<br \/><strong>Como votar<\/strong><\/p>\n<p>\u00a0<\/p>\n<p>Empregados efetivos devem acessar o sistema de comunica\u00e7\u00e3o da Caixa, no endere\u00e7o eletr\u00f4nico\u00a0<strong>www.gesad.mz.caixa\/eleicao<\/strong><\/p>\n<p>\u00a0<br \/>No caso dos aposentados, a orienta\u00e7\u00e3o \u00e9 para que se dirijam a uma unidade da Caixa portando documento de identifica\u00e7\u00e3o com foto, e o n\u00famero do cart\u00e3o do Sa\u00fade Caixa ou da matr\u00edcula.<\/p>\n<p>\u00a0<\/p>\n<p>Fonte: Contraf-CUT<\/p>\n","protected":false},"excerpt":{"rendered":"<p>Come\u00e7a nesta segunda-feira (27) a elei\u00e7\u00e3o para escolha dos representantes dos empregados no Conselho de Usu\u00e1rios do Sa\u00fade Caixa, integrado paritariamente por integrantes eleitos pelos trabalhadores e por indicados pela Caixa. A vota\u00e7\u00e3o \u00e9 eletr\u00f4nica e vai at\u00e9 sexta-feira (31). \u00a0 \u00a0 A Contraf-CUT apoia a\u00a0Chapa 1 \u2013 Movimento pela Sa\u00fade, formada por empregados ativos [&hellip;]<\/p>\n","protected":false},"author":1,"featured_media":0,"comment_status":"","ping_status":"","sticky":false,"template":"","format":"standard","meta":{"footnotes":""},"categories":[3],"tags":[],"class_list":["post-557","post","type-post","status-publish","format-standard","hentry","category-noticias"],"_links":{"self":[{"href":"https:\/\/hostnetart.com.br\/baixada\/wp-json\/wp\/v2\/posts\/557","targetHints":{"allow":["GET"]}}],"collection":[{"href":"https:\/\/hostnetart.com.br\/baixada\/wp-json\/wp\/v2\/posts"}],"about":[{"href":"https:\/\/hostnetart.com.br\/baixada\/wp-json\/wp\/v2\/types\/post"}],"author":[{"embeddable":true,"href":"https:\/\/hostnetart.com.br\/baixada\/wp-json\/wp\/v2\/users\/1"}],"replies":[{"embeddable":true,"href":"https:\/\/hostnetart.com.br\/baixada\/wp-json\/wp\/v2\/comments?post=557"}],"version-history":[{"count":0,"href":"https:\/\/hostnetart.com.br\/baixada\/wp-json\/wp\/v2\/posts\/557\/revisions"}],"wp:attachment":[{"href":"https:\/\/hostnetart.com.br\/baixada\/wp-json\/wp\/v2\/media?parent=557"}],"wp:term":[{"taxonomy":"category","embeddable":true,"href":"https:\/\/hostnetart.com.br\/baixada\/wp-json\/wp\/v2\/categories?post=557"},{"taxonomy":"post_tag","embeddable":true,"href":"https:\/\/hostnetart.com.br\/baixada\/wp-json\/wp\/v2\/tags?post=557"}],"curies":[{"name":"wp","href":"https:\/\/api.w.org\/{rel}","templated":true}]}}