{"id":5563,"date":"2018-11-12T15:40:36","date_gmt":"2018-11-12T17:40:36","guid":{"rendered":"https:\/\/hostnetart.com.br\/baixada\/contraf-cut-repudia-anuncio-de-extincao-do-ministerio-do-trabalho\/"},"modified":"2018-11-12T15:40:36","modified_gmt":"2018-11-12T17:40:36","slug":"contraf-cut-repudia-anuncio-de-extincao-do-ministerio-do-trabalho","status":"publish","type":"post","link":"https:\/\/hostnetart.com.br\/baixada\/contraf-cut-repudia-anuncio-de-extincao-do-ministerio-do-trabalho\/","title":{"rendered":"Contraf-CUT repudia an\u00fancio de extin\u00e7\u00e3o do Minist\u00e9rio do Trabalho"},"content":{"rendered":"<div class=\"content\">\n<p>O an\u00fancio feito pelo presidente eleito, Jair Bolsonaro (PSL), sobre a inten\u00e7\u00e3o de extinguir o Minist\u00e9rio do Trabalho provocou enorme indigna\u00e7\u00e3o pelas entidades representativas dos trabalhadores e afins. Em notas, a Central \u00danica dos Trabalhadores (CUT), a Procuradoria Geral do Trabalho (PGR), a Associa\u00e7\u00e3o Nacional dos Magistrados da Justi\u00e7a do Trabalho (Anamatra), o Col\u00e9gio de Presidentes e Corregedores dos Tribunais Regionais do Trabalho (Coleprecor), a Associa\u00e7\u00e3o Nacional dos Procuradores do Trabalho (ANPT), a Associa\u00e7\u00e3o Brasileira dos Advogados Trabalhistas (Abrat) externaram sua indigna\u00e7\u00e3o sobre a proposta que desrespeita a classe trabalhadora.\u00a0<br \/> A presidenta da Confedera\u00e7\u00e3o Nacional dos Trabalhadores do Ramo Financeiro (Contraf-CUT), Juvandia Moreira, apoia a nota e manifestou a sua discord\u00e2ncia \u00a0e preocupa\u00e7\u00e3o com o an\u00fancio de extin\u00e7\u00e3o da pasta. \u201cSe a medida for concretizada trar\u00e1 enormes preju\u00edzos \u00e0 classe trabalhadora, que j\u00e1 foi enormemente prejudicada pela reforma trabalhista\u201d, disse. \u00a0\u201cA disparidade de for\u00e7as entre as classes empresarial e a trabalhadora atual j\u00e1 nos coloca em desvantagem. Com a extin\u00e7\u00e3o do Minist\u00e9rio do Trabalho isso vai ficar ainda pior\u201d, completou a presidenta da Contraf-CUT.<br \/> O Minist\u00e9rio do Trabalho fiscaliza, co\u00edbe\u00a0e pune\u00a0os abusos por parte dos empres\u00e1rios contra os trabalhadores. Ele tamb\u00e9m fiscaliza o trabalho escravo, que ainda acontece com cerca de 370 mil brasileiros. Al\u00e9m disso, tamb\u00e9m fiscaliza o registro profissional, o cumprimento dos direitos como f\u00e9rias, 13\u00ba sal\u00e1rio, co\u00edbe a jornada abusiva, faz a gest\u00e3o do FGTS, do Sistema Nacional de Emprego (Sine) e do sal\u00e1rio desemprego.\u00a0<br \/> De acordo com o <a href=\"https:\/\/www.cut.org.br\/noticias\/nota-de-repudio-da-cut-contra-o-fim-do-ministerio-do-trabalho-91ec\">comunicado da CUT<\/a>, \u201cem um pa\u00eds com quase 13 milh\u00f5es de desempregados e 43% dos trabalhadores na informalidade, a \u00fanica raz\u00e3o para tal medida \u00e9 a persegui\u00e7\u00e3o \u00e0 classe trabalhadora e \u00e0s institui\u00e7\u00f5es que representam\u201d.<\/p>\n<p>Clique <a href=\"http:\/\/admin.contrafcut.com.br\/system\/uploads\/ck\/files\/notatecnicaextincao%20MT.pdf\">aqui <\/a>e veja a nota.\u00a0<\/p>\n<\/div>\n<p id=\"page-author\"><strong>Fonte: Contraf-CUT<\/strong><\/p>\n","protected":false},"excerpt":{"rendered":"<p>O an\u00fancio feito pelo presidente eleito, Jair Bolsonaro (PSL), sobre a inten\u00e7\u00e3o de extinguir o Minist\u00e9rio do Trabalho provocou enorme indigna\u00e7\u00e3o pelas entidades representativas dos trabalhadores e afins. Em notas, a Central \u00danica dos Trabalhadores (CUT), a Procuradoria Geral do Trabalho (PGR), a Associa\u00e7\u00e3o Nacional dos Magistrados da Justi\u00e7a do Trabalho (Anamatra), o Col\u00e9gio de [&hellip;]<\/p>\n","protected":false},"author":2,"featured_media":5562,"comment_status":"","ping_status":"","sticky":false,"template":"","format":"standard","meta":{"footnotes":""},"categories":[3],"tags":[],"class_list":["post-5563","post","type-post","status-publish","format-standard","has-post-thumbnail","hentry","category-noticias"],"_links":{"self":[{"href":"https:\/\/hostnetart.com.br\/baixada\/wp-json\/wp\/v2\/posts\/5563","targetHints":{"allow":["GET"]}}],"collection":[{"href":"https:\/\/hostnetart.com.br\/baixada\/wp-json\/wp\/v2\/posts"}],"about":[{"href":"https:\/\/hostnetart.com.br\/baixada\/wp-json\/wp\/v2\/types\/post"}],"author":[{"embeddable":true,"href":"https:\/\/hostnetart.com.br\/baixada\/wp-json\/wp\/v2\/users\/2"}],"replies":[{"embeddable":true,"href":"https:\/\/hostnetart.com.br\/baixada\/wp-json\/wp\/v2\/comments?post=5563"}],"version-history":[{"count":0,"href":"https:\/\/hostnetart.com.br\/baixada\/wp-json\/wp\/v2\/posts\/5563\/revisions"}],"wp:featuredmedia":[{"embeddable":true,"href":"https:\/\/hostnetart.com.br\/baixada\/wp-json\/wp\/v2\/media\/5562"}],"wp:attachment":[{"href":"https:\/\/hostnetart.com.br\/baixada\/wp-json\/wp\/v2\/media?parent=5563"}],"wp:term":[{"taxonomy":"category","embeddable":true,"href":"https:\/\/hostnetart.com.br\/baixada\/wp-json\/wp\/v2\/categories?post=5563"},{"taxonomy":"post_tag","embeddable":true,"href":"https:\/\/hostnetart.com.br\/baixada\/wp-json\/wp\/v2\/tags?post=5563"}],"curies":[{"name":"wp","href":"https:\/\/api.w.org\/{rel}","templated":true}]}}