{"id":555,"date":"2014-01-27T00:00:00","date_gmt":"2014-01-27T02:00:00","guid":{"rendered":"https:\/\/hostnetart.com.br\/baixada\/liminar-em-sao-paulo-suspende-alteracao-no-plano-de-saude-do-santander\/"},"modified":"2014-01-27T00:00:00","modified_gmt":"2014-01-27T02:00:00","slug":"liminar-em-sao-paulo-suspende-alteracao-no-plano-de-saude-do-santander","status":"publish","type":"post","link":"https:\/\/hostnetart.com.br\/baixada\/liminar-em-sao-paulo-suspende-alteracao-no-plano-de-saude-do-santander\/","title":{"rendered":"Liminar em S\u00e3o Paulo suspende altera\u00e7\u00e3o no plano de sa\u00fade do Santander"},"content":{"rendered":"<p>O Sindicato dos Banc\u00e1rios de S\u00e3o Paulo garantiu, na Justi\u00e7a, a suspens\u00e3o das altera\u00e7\u00f5es promovidas pelo Santander nos planos de sa\u00fade de seus empregados. O juiz Samuel Batista de S\u00e1, da 61\u00aa Vara do Trabalho de S\u00e3o Paulo, concedeu liminar com tutela antecipada determinando ao banco que \u201csuspenda a altera\u00e7\u00e3o de custeio do plano de sa\u00fade (\u2026) no prazo de 30 dias, sob pena de multa di\u00e1ria de R$ 50 mil\u201d.<\/p>\n<p>\u00a0<br \/>As mudan\u00e7as, que prejudicam os trabalhadores, foram apresentadas pelo Santander ao movimento sindical em 17 de dezembro passado. De acordo com o banco, a partir de janeiro o custo dos planos seria computado e cobrado com base na faixa et\u00e1ria e salarial.<\/p>\n<p>\u00a0<br \/>A medida encareceria os conv\u00eanios em mais de 30%, na avalia\u00e7\u00e3o do movimento sindical, e poderia inviabilizar a cobertura para o trabalhador aposentado.<\/p>\n<p>\u00a0<\/p>\n<p>O banco foi chamado a negociar, mas se recusou. Todos esses argumentos foram apresentados pelo Sindicato \u00e0 Justi\u00e7a, que concedeu a liminar.<\/p>\n<p>\u00a0<\/p>\n<p>\u201cAs presta\u00e7\u00f5es concernentes \u00e0 sa\u00fade s\u00e3o objetos de direito fundamental e se relacionam diretamente com a pr\u00f3pria dignidade da pessoa humana. Ademais, n\u00e3o \u00e9 apenas dever do Estado a implementa\u00e7\u00e3o de tais direitos, uma vez que os particulares tamb\u00e9m se obrigam nesse \u00e2mbito, por mecanismos como, por exemplo, planos de sa\u00fade empresariais e corporativos, caso dos autos\u201d, afirma o juiz na senten\u00e7a.<\/p>\n<p>\u00a0<\/p>\n<p>A diretora executiva do Sindicato Rita Berlofa comemora a decis\u00e3o. \u201cDeixamos claro ao banco que n\u00e3o aceitar\u00edamos altera\u00e7\u00f5es que prejudicassem os trabalhadores. Tentamos negociar, mas o banco insistiu na medida. O Sindicato n\u00e3o abre m\u00e3o dos direitos dos banc\u00e1rios e a Justi\u00e7a reconheceu o perigo que tal medida acarretaria ao direito fundamental dos empregados do banco \u00e0 sa\u00fade.\u201d<\/p>\n<p>\u00a0<br \/>Fonte: Seeb S\u00e3o Paulo<\/p>\n","protected":false},"excerpt":{"rendered":"<p>O Sindicato dos Banc\u00e1rios de S\u00e3o Paulo garantiu, na Justi\u00e7a, a suspens\u00e3o das altera\u00e7\u00f5es promovidas pelo Santander nos planos de sa\u00fade de seus empregados. O juiz Samuel Batista de S\u00e1, da 61\u00aa Vara do Trabalho de S\u00e3o Paulo, concedeu liminar com tutela antecipada determinando ao banco que \u201csuspenda a altera\u00e7\u00e3o de custeio do plano de [&hellip;]<\/p>\n","protected":false},"author":1,"featured_media":0,"comment_status":"","ping_status":"","sticky":false,"template":"","format":"standard","meta":{"footnotes":""},"categories":[3],"tags":[],"class_list":["post-555","post","type-post","status-publish","format-standard","hentry","category-noticias"],"_links":{"self":[{"href":"https:\/\/hostnetart.com.br\/baixada\/wp-json\/wp\/v2\/posts\/555","targetHints":{"allow":["GET"]}}],"collection":[{"href":"https:\/\/hostnetart.com.br\/baixada\/wp-json\/wp\/v2\/posts"}],"about":[{"href":"https:\/\/hostnetart.com.br\/baixada\/wp-json\/wp\/v2\/types\/post"}],"author":[{"embeddable":true,"href":"https:\/\/hostnetart.com.br\/baixada\/wp-json\/wp\/v2\/users\/1"}],"replies":[{"embeddable":true,"href":"https:\/\/hostnetart.com.br\/baixada\/wp-json\/wp\/v2\/comments?post=555"}],"version-history":[{"count":0,"href":"https:\/\/hostnetart.com.br\/baixada\/wp-json\/wp\/v2\/posts\/555\/revisions"}],"wp:attachment":[{"href":"https:\/\/hostnetart.com.br\/baixada\/wp-json\/wp\/v2\/media?parent=555"}],"wp:term":[{"taxonomy":"category","embeddable":true,"href":"https:\/\/hostnetart.com.br\/baixada\/wp-json\/wp\/v2\/categories?post=555"},{"taxonomy":"post_tag","embeddable":true,"href":"https:\/\/hostnetart.com.br\/baixada\/wp-json\/wp\/v2\/tags?post=555"}],"curies":[{"name":"wp","href":"https:\/\/api.w.org\/{rel}","templated":true}]}}