{"id":554,"date":"2014-01-24T00:00:00","date_gmt":"2014-01-24T02:00:00","guid":{"rendered":"https:\/\/hostnetart.com.br\/baixada\/policia-federal-remarca-100-reuniao-da-ccasp-para-dia-12-de-marco\/"},"modified":"2014-01-24T00:00:00","modified_gmt":"2014-01-24T02:00:00","slug":"policia-federal-remarca-100-reuniao-da-ccasp-para-dia-12-de-marco","status":"publish","type":"post","link":"https:\/\/hostnetart.com.br\/baixada\/policia-federal-remarca-100-reuniao-da-ccasp-para-dia-12-de-marco\/","title":{"rendered":"Pol\u00edcia Federal remarca 100\u00aa reuni\u00e3o da CCASP para dia 12 de mar\u00e7o"},"content":{"rendered":"<p>A Pol\u00edcia Federal (PF) remarcou para o pr\u00f3ximo dia 12 de mar\u00e7o a 100\u00aa reuni\u00e3o da Comiss\u00e3o Consultiva para Assuntos da Seguran\u00e7a Privada (CCASP), em Bras\u00edlia. Estar\u00e3o em julgamento processos movidos contra bancos, empresas de vigil\u00e2ncia e transporte de valores, e centros de forma\u00e7\u00e3o de vigilantes, em raz\u00e3o do descumprimento da lei federal n\u00ba 7.102\/83 e das portarias da PF.<\/p>\n<p>\u00a0<\/p>\n<p>Essa ser\u00e1 a primeira reuni\u00e3o em 2014. A CCASP \u00e9 um f\u00f3rum que conta com a participa\u00e7\u00e3o do governo, banc\u00e1rios, representados pela Contraf-CUT, vigilantes e entidades patronais, como a Febraban.<\/p>\n<p>\u00a0<\/p>\n<p>Os processos contra bancos s\u00e3o abertos pelas delegacias estaduais da Pol\u00edcia Federal (Delesp) a partir da fiscaliza\u00e7\u00e3o anual do plano de seguran\u00e7a dos estabelecimentos e das den\u00fancias de irregularidades que podem ser tamb\u00e9m encaminhadas pelas entidades sindicais.<\/p>\n<p>\u00a0<\/p>\n<p>&gt; Clique\u00a0<a href=\"http:\/\/www.dpf.gov.br\/institucional\/pf-pelo-brasil\/\" target=\"_blank\" rel=\"noopener noreferrer\">aqui<\/a>\u00a0para ver os endere\u00e7os da Pol\u00edcia Federal em todo pa\u00eds.<\/p>\n<p>\u00a0<\/p>\n<p>\u201cOrientamos novamente os sindicatos e as federa\u00e7\u00f5es a verificar se a legisla\u00e7\u00e3o federal de seguran\u00e7a est\u00e1 sendo cumprida nas ag\u00eancias e postos de atendimento banc\u00e1rio. Caso negativo, as entidades devem encaminhar den\u00fancias por escrito para a Delesp mais pr\u00f3xima, pedindo fiscaliza\u00e7\u00e3o para que as normas de seguran\u00e7a sejam respeitadas, como forma de proteger a vida de trabalhadores e clientes\u201d, reitera o secret\u00e1rio de imprensa da Contraf-CUT e coordenador do Coletivo Nacional de Seguran\u00e7a Banc\u00e1ria, Ademir Wiederkehr.<br \/>Fonte: Contraf-CUT<\/p>\n","protected":false},"excerpt":{"rendered":"<p>A Pol\u00edcia Federal (PF) remarcou para o pr\u00f3ximo dia 12 de mar\u00e7o a 100\u00aa reuni\u00e3o da Comiss\u00e3o Consultiva para Assuntos da Seguran\u00e7a Privada (CCASP), em Bras\u00edlia. Estar\u00e3o em julgamento processos movidos contra bancos, empresas de vigil\u00e2ncia e transporte de valores, e centros de forma\u00e7\u00e3o de vigilantes, em raz\u00e3o do descumprimento da lei federal n\u00ba 7.102\/83 [&hellip;]<\/p>\n","protected":false},"author":1,"featured_media":0,"comment_status":"","ping_status":"","sticky":false,"template":"","format":"standard","meta":{"footnotes":""},"categories":[3],"tags":[],"class_list":["post-554","post","type-post","status-publish","format-standard","hentry","category-noticias"],"_links":{"self":[{"href":"https:\/\/hostnetart.com.br\/baixada\/wp-json\/wp\/v2\/posts\/554","targetHints":{"allow":["GET"]}}],"collection":[{"href":"https:\/\/hostnetart.com.br\/baixada\/wp-json\/wp\/v2\/posts"}],"about":[{"href":"https:\/\/hostnetart.com.br\/baixada\/wp-json\/wp\/v2\/types\/post"}],"author":[{"embeddable":true,"href":"https:\/\/hostnetart.com.br\/baixada\/wp-json\/wp\/v2\/users\/1"}],"replies":[{"embeddable":true,"href":"https:\/\/hostnetart.com.br\/baixada\/wp-json\/wp\/v2\/comments?post=554"}],"version-history":[{"count":0,"href":"https:\/\/hostnetart.com.br\/baixada\/wp-json\/wp\/v2\/posts\/554\/revisions"}],"wp:attachment":[{"href":"https:\/\/hostnetart.com.br\/baixada\/wp-json\/wp\/v2\/media?parent=554"}],"wp:term":[{"taxonomy":"category","embeddable":true,"href":"https:\/\/hostnetart.com.br\/baixada\/wp-json\/wp\/v2\/categories?post=554"},{"taxonomy":"post_tag","embeddable":true,"href":"https:\/\/hostnetart.com.br\/baixada\/wp-json\/wp\/v2\/tags?post=554"}],"curies":[{"name":"wp","href":"https:\/\/api.w.org\/{rel}","templated":true}]}}