{"id":553,"date":"2014-01-24T00:00:00","date_gmt":"2014-01-24T02:00:00","guid":{"rendered":"https:\/\/hostnetart.com.br\/baixada\/contraf-cut-completa-8-anos-de-muitas-lutas-e-conquistas-neste-domingo\/"},"modified":"2014-01-24T00:00:00","modified_gmt":"2014-01-24T02:00:00","slug":"contraf-cut-completa-8-anos-de-muitas-lutas-e-conquistas-neste-domingo","status":"publish","type":"post","link":"https:\/\/hostnetart.com.br\/baixada\/contraf-cut-completa-8-anos-de-muitas-lutas-e-conquistas-neste-domingo\/","title":{"rendered":"Contraf-CUT completa 8 anos de muitas lutas e conquistas neste domingo"},"content":{"rendered":"<p>Fundada na hist\u00f3rica assembleia realizada em 26 de janeiro de 2006, em Curitiba, a Confedera\u00e7\u00e3o Nacional dos Trabalhadores do Ramo Financeiro (Contraf-CUT) completa oito anos de muitas lutas e conquistas neste domingo. Com ousadia, unidade e mobiliza\u00e7\u00e3o, ela ampliou o espa\u00e7o de atua\u00e7\u00e3o da extinta Confedera\u00e7\u00e3o Nacional dos Banc\u00e1rios (CNB-CUT), constru\u00edda em 1992, assumindo a representa\u00e7\u00e3o dos trabalhadores do ramo financeiro. Os avan\u00e7os s\u00e3o ineg\u00e1veis, mas ainda h\u00e1 muito por fazer.<\/p>\n<p>\u00a0<br \/>O primeiro presidente da Contraf-CUT foi o funcion\u00e1rio do Ita\u00fa, Luiz Cl\u00e1udio Marcolino, que tamb\u00e9m presidiu o Sindicato dos Banc\u00e1rios de S\u00e3o Paulo e hoje \u00e9 deputado estadual do PT de S\u00e3o Paulo. O 1\u00ba Congresso da Contraf-CUT aconteceu no dia 25 de abril de 2006, em Nazar\u00e9 Paulista (SP). Vagner Freitas, empregado do Bradesco e hoje presidente nacional da CUT, foi eleito presidente.<\/p>\n<p>\u00a0<br \/>O 2\u00ba Congresso da Contraf-CUT aconteceu nos dias 14 e 15 de abril de 2009, em S\u00e3o Paulo, que elegeu o banc\u00e1rio do Ita\u00fa e ex-secret\u00e1rio-geral Carlos Cordeiro para presidente. E o 3\u00ba Congresso da Contraf-CUT ocorreu nos dias 30 e 31 de mar\u00e7o e 1\u00ba de abril de 2012, em Guarulhos (SP), onde Carlos Cordeiro foi reeleito presidente.<\/p>\n<p>\u00a0<br \/>A Contraf-CUT coordena o Comando Nacional dos Banc\u00e1rios e representa mais de 90% de todos os funcion\u00e1rios de bancos p\u00fablicos e privados do Brasil.<\/p>\n<p>\u00a0<br \/>A entidade \u00e9 tamb\u00e9m refer\u00eancia internacional para os trabalhadores de todo mundo. \u00c9 filiada \u00e0 UNI Global Union, o sindicato mundial que representa cerca de 20 milh\u00f5es de trabalhadores dos setores de servi\u00e7os. Carlos Cordeiro \u00e9 tamb\u00e9m o atual presidente da UNI Am\u00e9ricas Finan\u00e7as, que organiza os banc\u00e1rios do continente americano.<\/p>\n<p>\u00a0<\/p>\n<p>\u00a0<\/p>\n<p><strong>Uma longa tradi\u00e7\u00e3o de luta<\/strong><\/p>\n<p>\u00a0<br \/>Olhando para a hist\u00f3ria, a Contraf-CUT \u00e9 a herdeira institucional de uma longa tradi\u00e7\u00e3o de luta dos banc\u00e1rios brasileiros, que remonta ao in\u00edcio do s\u00e9culo 20, quando os trabalhadores das casas banc\u00e1rias fundaram suas primeiras associa\u00e7\u00f5es.<\/p>\n<p>\u00a0<br \/>Todas as conquistas da categoria foram obtidas com organiza\u00e7\u00e3o e unidade, em um s\u00e9culo de lutas \u2013 desde a jornada de 6 horas em 1933 at\u00e9 os aumentos reais de sal\u00e1rio, a valoriza\u00e7\u00e3o do piso e o avan\u00e7o no combate ao ass\u00e9dio moral e \u00e0 igualdade de oportunidades dos \u00faltimos anos.<\/p>\n<p>\u00a0<br \/>Essa trajet\u00f3ria foi brutalmente interrompida pelo golpe militar de 1964 e retomada em meados da d\u00e9cada de 1970, quando banc\u00e1rios, metal\u00fargicos, qu\u00edmicos, professores e outras categorias profissionais criaram o que ficou conhecido como o \u201cnovo sindicalismo\u201d, convergindo para a cria\u00e7\u00e3o da CUT em 1983.<\/p>\n<p>\u00a0<br \/>Com a ascens\u00e3o das lutas sindicais na d\u00e9cada de 1980, os banc\u00e1rios sentiram a necessidade de reorganizar suas entidades nacionais, a fim de articular a organiza\u00e7\u00e3o e as mobiliza\u00e7\u00f5es em todo o pa\u00eds. Assim nasceu o Departamento Nacional dos Banc\u00e1rios da CUT (DNB-CUT), em 1985, sucedido de 1992 a 2006 pela Confedera\u00e7\u00e3o Nacional dos Banc\u00e1rios (CNB-CUT).<\/p>\n<p>\u00a0<\/p>\n<p>\u00a0<\/p>\n<p><strong>Muitas conquistas<\/strong><\/p>\n<p>\u00a0<br \/>Ao longo desses oito anos de muitas batalhas, a Contraf-CUT fortaleceu a unidade nacional dos banc\u00e1rios e esteve \u00e0 frente de todas as campanhas salariais, coordenando o Comando Nacional e consolidando a conven\u00e7\u00e3o coletiva nacional de trabalho, que completou 21 anos em 2013, v\u00e1lida para funcion\u00e1rios de bancos p\u00fablicos e privados de todo pa\u00eds.<\/p>\n<p>\u00a0<br \/>Com a for\u00e7a da unidade nacional e da mobiliza\u00e7\u00e3o, os banc\u00e1rios concretizaram sonhos e ampliaram conquistas. Em 2013, os trabalhadores arrancaram aumento real pelo d\u00e9cimo ano consecutivo, eleva\u00e7\u00e3o dos pisos, melhoria na participa\u00e7\u00e3o dos lucros, al\u00e9m de importantes avan\u00e7os sociais, como o vale-cultura.<\/p>\n<p>\u00a0<br \/>Al\u00e9m disso, os banc\u00e1rios estiveram presentes em 2013 na \u00e1rdua luta que garantiu o adiamento da vota\u00e7\u00e3o do Projeto de Lei (PL) 4330, do deputado Sandro Mabel (PMDB-GO), que libera a terceiriza\u00e7\u00e3o para todas as \u00e1reas das empresas. Se ele fosse aprovado, os bancos poderiam substituir caixas e gerentes por terceirizados, o que levaria \u00e0 extin\u00e7\u00e3o da categoria banc\u00e1ria.<\/p>\n<p>\u00a0<\/p>\n<p>\u00a0<\/p>\n<p><strong>Desafios<\/strong><\/p>\n<p>\u00a0<br \/>\u201cApesar de todas essas vit\u00f3rias, os desafios ainda s\u00e3o numerosos, como o emprego decente, condi\u00e7\u00f5es dignas de sa\u00fade, seguran\u00e7a e trabalho, igualdade de oportunidades, a regulamenta\u00e7\u00e3o do sistema financeiro, uma inclus\u00e3o banc\u00e1ria sem precariza\u00e7\u00e3o e sem exclus\u00f5es, e a prote\u00e7\u00e3o \u00e0 vida dos trabalhadores e clientes, dentre outras demandas\u201d, destaca Cordeiro.<\/p>\n<p>\u00a0<br \/>\u201cTamb\u00e9m \u00e9 fundamentar atuar cada vez mais na discuss\u00e3o dos temas que mexem com os trabalhadores, como a reforma pol\u00edtica e a reforma tribut\u00e1ria. N\u00f3s, do movimento sindical, precisamos ser a refer\u00eancia dos trabalhadores e disputar os rumos da sociedade, buscando construir um pa\u00eds mais justo e solid\u00e1rio\u201d, aponta.<\/p>\n<p>\u00a0<br \/>O calend\u00e1rio de 2014 traz elei\u00e7\u00f5es em grandes sindicatos, na Cassi, na Previ, na Fenae, na Funcef, al\u00e9m das elei\u00e7\u00f5es para presidente, governadores, senadores e deputados. \u201cAcredito que continuaremos trabalhando muito e venceremos todos esses processos eleitorais, em especial a presid\u00eancia da Rep\u00fablica, pois sabemos que precisamos continuar avan\u00e7ando, com mais e melhores empregos, com mais inclus\u00e3o social e precisamos urgente come\u00e7ar a mexer na estrutura de distribui\u00e7\u00e3o de renda do Brasil\u201d, salienta o dirigente sindical.<\/p>\n<p>\u00a0<\/p>\n<p>Para ele, mesmo com os avan\u00e7os conquistados, as condi\u00e7\u00f5es de trabalho s\u00e3o cada vez mais prec\u00e1rias nos bancos. \u201cSabemos que os banc\u00e1rios est\u00e3o sofrendo muito porque os bancos privados e tamb\u00e9m os p\u00fablicos, seus acionistas, presidentes e executivos, se preocupam apenas com a gest\u00e3o do lucro, enxergam os clientes como m\u00e1quinas de fazer dinheiro e os trabalhadores como n\u00fameros, custos que se contrap\u00f5em a lucro\u201d.<\/p>\n<p>\u00a0<\/p>\n<p>\u201cEnquanto houver demiss\u00f5es, corte de postos de trabalho, rotatividade, baixos sal\u00e1rios, desigualdades, ass\u00e9dio moral, adoecimentos, inseguran\u00e7a, mortes, estaremos desafiados a acabar com essas viol\u00eancias. O maior desafio \u00e9 sermos esperan\u00e7a para os trabalhadores e convenc\u00ea-los que lutando juntos somos fortes\u201d, conclui Cordeiro.<\/p>\n<p>\u00a0<br \/>Fonte: Contraf-CUT<\/p>\n","protected":false},"excerpt":{"rendered":"<p>Fundada na hist\u00f3rica assembleia realizada em 26 de janeiro de 2006, em Curitiba, a Confedera\u00e7\u00e3o Nacional dos Trabalhadores do Ramo Financeiro (Contraf-CUT) completa oito anos de muitas lutas e conquistas neste domingo. Com ousadia, unidade e mobiliza\u00e7\u00e3o, ela ampliou o espa\u00e7o de atua\u00e7\u00e3o da extinta Confedera\u00e7\u00e3o Nacional dos Banc\u00e1rios (CNB-CUT), constru\u00edda em 1992, assumindo a [&hellip;]<\/p>\n","protected":false},"author":1,"featured_media":0,"comment_status":"","ping_status":"","sticky":false,"template":"","format":"standard","meta":{"footnotes":""},"categories":[3],"tags":[],"class_list":["post-553","post","type-post","status-publish","format-standard","hentry","category-noticias"],"_links":{"self":[{"href":"https:\/\/hostnetart.com.br\/baixada\/wp-json\/wp\/v2\/posts\/553","targetHints":{"allow":["GET"]}}],"collection":[{"href":"https:\/\/hostnetart.com.br\/baixada\/wp-json\/wp\/v2\/posts"}],"about":[{"href":"https:\/\/hostnetart.com.br\/baixada\/wp-json\/wp\/v2\/types\/post"}],"author":[{"embeddable":true,"href":"https:\/\/hostnetart.com.br\/baixada\/wp-json\/wp\/v2\/users\/1"}],"replies":[{"embeddable":true,"href":"https:\/\/hostnetart.com.br\/baixada\/wp-json\/wp\/v2\/comments?post=553"}],"version-history":[{"count":0,"href":"https:\/\/hostnetart.com.br\/baixada\/wp-json\/wp\/v2\/posts\/553\/revisions"}],"wp:attachment":[{"href":"https:\/\/hostnetart.com.br\/baixada\/wp-json\/wp\/v2\/media?parent=553"}],"wp:term":[{"taxonomy":"category","embeddable":true,"href":"https:\/\/hostnetart.com.br\/baixada\/wp-json\/wp\/v2\/categories?post=553"},{"taxonomy":"post_tag","embeddable":true,"href":"https:\/\/hostnetart.com.br\/baixada\/wp-json\/wp\/v2\/tags?post=553"}],"curies":[{"name":"wp","href":"https:\/\/api.w.org\/{rel}","templated":true}]}}