{"id":551,"date":"2015-01-05T15:34:00","date_gmt":"2015-01-05T17:34:00","guid":{"rendered":"https:\/\/hostnetart.com.br\/baixada\/bancarios-trabalham-apertados-na-torre-do-santander-em-sao-paulo\/"},"modified":"2015-01-05T15:34:00","modified_gmt":"2015-01-05T17:34:00","slug":"bancarios-trabalham-apertados-na-torre-do-santander-em-sao-paulo","status":"publish","type":"post","link":"https:\/\/hostnetart.com.br\/baixada\/bancarios-trabalham-apertados-na-torre-do-santander-em-sao-paulo\/","title":{"rendered":"Banc\u00e1rios trabalham \u201capertados\u201d na Torre do Santander em S\u00e3o Paulo"},"content":{"rendered":"<p><span style=\"color: #464646;\">Os funcion\u00e1rios da suntuosa e moderna Torre do Santander, localizada na zona sul de S\u00e3o Paulo, est\u00e3o passando \u201capertados\u201d os \u00faltimos dias do ano. O pr\u00e9dio, que tem 27 andares onde est\u00e3o lotados cerca de 5 mil funcion\u00e1rios, est\u00e1 com o sistema de descarga a v\u00e1cuo dos sanit\u00e1rios sem funcionar, desde a segunda-feira 29.<\/span><br style=\"color: #464646;\" \/><br style=\"color: #464646;\" \/><span style=\"color: #464646;\">\u201cEst\u00e1 o caos. Para usar o banheiro, o pessoal tem de descer e andar aproximadamente 50 metros, at\u00e9 um shopping. Como n\u00e3o h\u00e1 descarga, as privadas est\u00e3o sujas e o mau cheiro incomoda\u201d, relata o diretor do Sindicato dos Banc\u00e1rios de S\u00e3o Paulo, Ramilton Marcolino.<\/span><br style=\"color: #464646;\" \/><br style=\"color: #464646;\" \/><span style=\"color: #464646;\">O Sindicato entrou em contato com representante do banco que garantiu que o problema tinha \u201cacabado de ser resolvido\u201d, nesta ter\u00e7a-feira 30. Entretanto, conforme apurou Ramilton, a quest\u00e3o n\u00e3o tinha sido totalmente solucionada at\u00e9 o fim do expediente. \u201cNo d\u00e9cimo andar, por exemplo, apenas uma descarga voltou a funcionar nesta ter\u00e7a-feira\u201d, diz.<\/span><br style=\"color: #464646;\" \/><br style=\"color: #464646;\" \/><span style=\"color: #464646;\">O dirigente sindical relata ainda que ao chegar ao local para averiguar a situa\u00e7\u00e3o, observou uma equipe cuidando das oliveiras que ficam na lateral do edif\u00edcio. Elas foram derrubadas pela forte chuva na segunda-feira. \u201cEnquanto o Santander se preocupa com arbustos, n\u00e3o h\u00e1 ningu\u00e9m para cuidar das condi\u00e7\u00f5es de trabalho no interior do pr\u00e9dio\u201d, critica.<\/span><br style=\"color: #464646;\" \/><br style=\"color: #464646;\" \/><span style=\"color: #464646;\">\u201cReivindicamos respeito e condi\u00e7\u00f5es m\u00ednimas para trabalhar. A higieniza\u00e7\u00e3o dos vasos \u00e9 imperiosa e vamos continuar a cobrar\u201d, afirma o dirigente sindical ao orientar que os trabalhadores continuem a fazer suas den\u00fancias ao Sindicato se o problema persistir.<\/span><br style=\"color: #464646;\" \/><br style=\"color: #464646;\" \/><br style=\"color: #464646;\" \/><span style=\"color: #464646;\">Fonte: Seeb S\u00e3o Paulo<\/span><\/p>\n","protected":false},"excerpt":{"rendered":"<p>Os funcion\u00e1rios da suntuosa e moderna Torre do Santander, localizada na zona sul de S\u00e3o Paulo, est\u00e3o passando \u201capertados\u201d os \u00faltimos dias do ano. O pr\u00e9dio, que tem 27 andares onde est\u00e3o lotados cerca de 5 mil funcion\u00e1rios, est\u00e1 com o sistema de descarga a v\u00e1cuo dos sanit\u00e1rios sem funcionar, desde a segunda-feira 29.\u201cEst\u00e1 o [&hellip;]<\/p>\n","protected":false},"author":1,"featured_media":0,"comment_status":"","ping_status":"","sticky":false,"template":"","format":"standard","meta":{"footnotes":""},"categories":[3],"tags":[],"class_list":["post-551","post","type-post","status-publish","format-standard","hentry","category-noticias"],"_links":{"self":[{"href":"https:\/\/hostnetart.com.br\/baixada\/wp-json\/wp\/v2\/posts\/551","targetHints":{"allow":["GET"]}}],"collection":[{"href":"https:\/\/hostnetart.com.br\/baixada\/wp-json\/wp\/v2\/posts"}],"about":[{"href":"https:\/\/hostnetart.com.br\/baixada\/wp-json\/wp\/v2\/types\/post"}],"author":[{"embeddable":true,"href":"https:\/\/hostnetart.com.br\/baixada\/wp-json\/wp\/v2\/users\/1"}],"replies":[{"embeddable":true,"href":"https:\/\/hostnetart.com.br\/baixada\/wp-json\/wp\/v2\/comments?post=551"}],"version-history":[{"count":0,"href":"https:\/\/hostnetart.com.br\/baixada\/wp-json\/wp\/v2\/posts\/551\/revisions"}],"wp:attachment":[{"href":"https:\/\/hostnetart.com.br\/baixada\/wp-json\/wp\/v2\/media?parent=551"}],"wp:term":[{"taxonomy":"category","embeddable":true,"href":"https:\/\/hostnetart.com.br\/baixada\/wp-json\/wp\/v2\/categories?post=551"},{"taxonomy":"post_tag","embeddable":true,"href":"https:\/\/hostnetart.com.br\/baixada\/wp-json\/wp\/v2\/tags?post=551"}],"curies":[{"name":"wp","href":"https:\/\/api.w.org\/{rel}","templated":true}]}}