{"id":550,"date":"2014-01-24T00:00:00","date_gmt":"2014-01-24T02:00:00","guid":{"rendered":"https:\/\/hostnetart.com.br\/baixada\/caixa-lanca-edital-de-concurso-publico-para-contratar-tecnico-bancario\/"},"modified":"2014-01-24T00:00:00","modified_gmt":"2014-01-24T02:00:00","slug":"caixa-lanca-edital-de-concurso-publico-para-contratar-tecnico-bancario","status":"publish","type":"post","link":"https:\/\/hostnetart.com.br\/baixada\/caixa-lanca-edital-de-concurso-publico-para-contratar-tecnico-bancario\/","title":{"rendered":"Caixa lan\u00e7a edital de concurso p\u00fablico para contratar t\u00e9cnico banc\u00e1rio"},"content":{"rendered":"<p>A Caixa Econ\u00f4mica Federal divulgou nesta quinta-feira, dia 23, o edital do concurso p\u00fablico destinado a sele\u00e7\u00e3o de profissionais para forma\u00e7\u00e3o de cadastro reserva no cargo de T\u00e9cnico Banc\u00e1rio Novo, n\u00edvel m\u00e9dio, da Carreira Administrativa.<\/p>\n<p>\u00a0<br \/>Para Jair Ferreira, coordenador da Comiss\u00e3o Executiva dos Empregados (CEE\/Caixa), a realiza\u00e7\u00e3o do concurso atende a uma importante reivindica\u00e7\u00e3o do movimento sindical, uma vez que a Caixa tem aumentado o n\u00famero de ag\u00eancias sem contratar e a falta de pessoal e a sobrecarga de trabalho v\u00eam piorando as condi\u00e7\u00f5es de trabalho. \u201cEsperamos que a Caixa convoque os aprovados o mais rapidamente poss\u00edvel\u201d, afirma.<\/p>\n<p>\u00a0<br \/><strong>Saiba mais sobre o concurso<\/strong><\/p>\n<p>\u00a0<br \/>A organiza\u00e7\u00e3o do certame est\u00e1 sob a responsabilidade administrativo do Centro de Sele\u00e7\u00e3o e de Promo\u00e7\u00e3o de Eventos da Universidade de Bras\u00edlia (CESPE\/UnB).<\/p>\n<p>\u00a0<br \/>Podem se inscrever candidatos que possuem certificado do Ensino M\u00e9dio Completo, expedido por institui\u00e7\u00e3o de ensino reconhecida pelo Minist\u00e9rio da Educa\u00e7\u00e3o (MEC), Secretarias ou Conselhos Estaduais de Educa\u00e7\u00e3o.<\/p>\n<p>\u00a0<br \/>Aos aprovados cabe realizar atividade administrativa destinada a prestar atendimento aos clientes e ao p\u00fablico em geral, efetuando opera\u00e7\u00f5es diversas, executando atividades banc\u00e1rias e administrativas, incluindo a comercializa\u00e7\u00e3o de produtos e servi\u00e7os, efetiva\u00e7\u00e3o de c\u00e1lculos e controles num\u00e9ricos, inser\u00e7\u00e3o e consulta de dados em sistemas operacionais informatizados e aux\u00edlio em sua manuten\u00e7\u00e3o e em seu aperfei\u00e7oamento, bem como realiza\u00e7\u00e3o de opera\u00e7\u00f5es de caixa, quando habilitado, de forma a contribuir para a realiza\u00e7\u00e3o de neg\u00f3cios, possibilitando o alcance das metas, o bom desempenho da Unidade e a satisfa\u00e7\u00e3o dos clientes internos e externos.<\/p>\n<p>\u00a0<br \/><strong>Remunera\u00e7\u00e3o<\/strong><\/p>\n<p>\u00a0<\/p>\n<p>Como remunera\u00e7\u00e3o os profissionais far\u00e3o jus \u00e0 R$ 2.025,00, al\u00e9m de possibilidade de ascens\u00e3o e desenvolvimento profissional; participa\u00e7\u00e3o nos lucros e nos resultados, nos termos da legisla\u00e7\u00e3o pertinente e do acordo coletivo vigente; possibilidade de participa\u00e7\u00e3o em plano de sa\u00fade e em plano de previd\u00eancia complementar; aux\u00edlio refei\u00e7\u00e3o\/alimenta\u00e7\u00e3o; aux\u00edlio cesta\/alimenta\u00e7\u00e3o; possibilidade de participa\u00e7\u00e3o em programa de eleva\u00e7\u00e3o da escolaridade e desenvolvimento; programas de preserva\u00e7\u00e3o da sa\u00fade, qualidade de vida e preven\u00e7\u00e3o de acidentes; e contrato de trabalho regido pela CLT e, portanto, com direito a FGTS, dentre outras vantagens. A jornada de trabalho \u00e9 de 6h di\u00e1rias.<\/p>\n<p>\u00a0<\/p>\n<p>Para se inscrever o candidato deve preencher a ficha dispon\u00edvel no site<strong>www.cespe.unb.br<\/strong>, entre \u00e0s 10h do dia 24 de janeiro \u00e0s 23h59 do dia 11 de fevereiro. A taxa de inscri\u00e7\u00e3o \u00e9 de R$ 37,00.<\/p>\n<p>\u00a0<\/p>\n<p>O concurso constar\u00e1 de Provas Objetivas e Prova Discursiva, de car\u00e1ter eliminat\u00f3rio e classificat\u00f3rio e Exames M\u00e9dicos admissionais, de car\u00e1ter eliminat\u00f3rio.<\/p>\n<p>\u00a0<\/p>\n<p>As provas devem ser aplicadas na data prov\u00e1vel de 23 de mar\u00e7o. Os profissionais aprovados e classificados na 1\u00aa etapa, observada a necessidade de provimento e a ordem de classifica\u00e7\u00e3o, ser\u00e3o convocados para a 2\u00aa etapa. O conte\u00fado program\u00e1tico pode ser consultado no Edital.<\/p>\n<p>\u00a0<\/p>\n<p>O prazo de validade do concurso ser\u00e1 de um ano, contado a partir da data de publica\u00e7\u00e3o da homologa\u00e7\u00e3o do resultado final, podendo ser prorrogado, uma \u00fanica vez, por igual per\u00edodo.<\/p>\n<p>\u00a0<br \/>Fonte: Contraf-CUT e PCI-Concursos<\/p>\n","protected":false},"excerpt":{"rendered":"<p>A Caixa Econ\u00f4mica Federal divulgou nesta quinta-feira, dia 23, o edital do concurso p\u00fablico destinado a sele\u00e7\u00e3o de profissionais para forma\u00e7\u00e3o de cadastro reserva no cargo de T\u00e9cnico Banc\u00e1rio Novo, n\u00edvel m\u00e9dio, da Carreira Administrativa. \u00a0Para Jair Ferreira, coordenador da Comiss\u00e3o Executiva dos Empregados (CEE\/Caixa), a realiza\u00e7\u00e3o do concurso atende a uma importante reivindica\u00e7\u00e3o do [&hellip;]<\/p>\n","protected":false},"author":1,"featured_media":0,"comment_status":"","ping_status":"","sticky":false,"template":"","format":"standard","meta":{"footnotes":""},"categories":[3],"tags":[],"class_list":["post-550","post","type-post","status-publish","format-standard","hentry","category-noticias"],"_links":{"self":[{"href":"https:\/\/hostnetart.com.br\/baixada\/wp-json\/wp\/v2\/posts\/550","targetHints":{"allow":["GET"]}}],"collection":[{"href":"https:\/\/hostnetart.com.br\/baixada\/wp-json\/wp\/v2\/posts"}],"about":[{"href":"https:\/\/hostnetart.com.br\/baixada\/wp-json\/wp\/v2\/types\/post"}],"author":[{"embeddable":true,"href":"https:\/\/hostnetart.com.br\/baixada\/wp-json\/wp\/v2\/users\/1"}],"replies":[{"embeddable":true,"href":"https:\/\/hostnetart.com.br\/baixada\/wp-json\/wp\/v2\/comments?post=550"}],"version-history":[{"count":0,"href":"https:\/\/hostnetart.com.br\/baixada\/wp-json\/wp\/v2\/posts\/550\/revisions"}],"wp:attachment":[{"href":"https:\/\/hostnetart.com.br\/baixada\/wp-json\/wp\/v2\/media?parent=550"}],"wp:term":[{"taxonomy":"category","embeddable":true,"href":"https:\/\/hostnetart.com.br\/baixada\/wp-json\/wp\/v2\/categories?post=550"},{"taxonomy":"post_tag","embeddable":true,"href":"https:\/\/hostnetart.com.br\/baixada\/wp-json\/wp\/v2\/tags?post=550"}],"curies":[{"name":"wp","href":"https:\/\/api.w.org\/{rel}","templated":true}]}}