{"id":5481,"date":"2018-10-26T12:55:13","date_gmt":"2018-10-26T15:55:13","guid":{"rendered":"https:\/\/hostnetart.com.br\/baixada\/universidades-sao-alvo-de-operacoes-policiais-em-todo-o-pais\/"},"modified":"2018-10-26T12:55:13","modified_gmt":"2018-10-26T15:55:13","slug":"universidades-sao-alvo-de-operacoes-policiais-em-todo-o-pais","status":"publish","type":"post","link":"https:\/\/hostnetart.com.br\/baixada\/universidades-sao-alvo-de-operacoes-policiais-em-todo-o-pais\/","title":{"rendered":"Universidades s\u00e3o alvo de opera\u00e7\u00f5es policiais em todo o pa\u00eds"},"content":{"rendered":"<p class=\" \">Policiais e fiscais de tribunais eleitorais invadiram universidades e sindicatos de professores de todo o pa\u00eds, na noite desta quinta-feira (25). Algumas das a\u00e7\u00f5es foram comandadas pelos Tribunais Regionais Eleitorais sob pretexto de identificar e recolher materiais de campanha &#8220;irregulares&#8221;. Outras, por\u00e9m, foram desencadeadas por policiais sem nenhum mandado.<\/p>\n<p class=\" \">Segundo relatos, os agentes entraram nos locais, retiraram faixas, apreenderam cartazes, e intimidaram os presentes, interrompendo debates e aulas. A\u00e7\u00f5es semelhantes v\u00eam ocorrendo h\u00e1 pelo menos tr\u00eas dias, mas foram intensificadas ontem, quando ao menos 27 institui\u00e7\u00f5es superiores de ensino tiveram suas depend\u00eancias invadidas, sob a justificativa de\u00a0que os materiais apreendidos constituem campanha para o candidato Fernando <strong>Haddad<\/strong> (PT).<\/p>\n<p class=\" \">At\u00e9 o fechamento desta mat\u00e9ria, a Justi\u00e7a Eleitoral ainda n\u00e3o havia se manifestado sobre as batidas policiais, mas o teor semelhante de mandados de busca e apreens\u00e3o emitidos pelos TRE da Para\u00edba e de Mato Grosso, segundo apura\u00e7\u00e3o da DW Brasil, indicam que a a\u00e7\u00e3o foi coordenada.<\/p>\n<p class=\" \">No Rio, a Justi\u00e7a ordenou que a Faculdade de Direito da UFF (Universidade Federal Fluminense) retirasse da fachada uma bandeira em que aparecia &#8220;Direito UFF Antifascista&#8221;. Segundo a Folha de S.Paulo, a bandeira chegou a ser removida na ter\u00e7a-feira (23) sem que houvesse mandado, mas depois foi recolocada por alunos.\u00a0 A decis\u00e3o judicial, proferida ap\u00f3s 12 den\u00fancias recebidas contra a faixa, diz que ela teria &#8220;conte\u00fado de propaganda eleitoral negativa contra o candidato \u00e0 Presid\u00eancia da Rep\u00fablica Jair <strong>Bolsonaro<\/strong> [PSL]&#8221;. No lugar da antiga bandeira, foi colocada uma nova, com a palavra &#8220;censurado&#8221;. Os estudantes organizam uma manifesta\u00e7\u00e3o para esta sexta (26).<\/p>\n<p class=\" \">Policiais tamb\u00e9m invadiram o campus da Uerj (Universidade Estadual do Rio de Janeiro) e da Unirio. Na Uerj,\u00a0faixas em homenagem \u00e0 vereadora Marielle Franco (PSOL), assassinada em mar\u00e7o, e com as inscri\u00e7\u00f5es &#8220;Direito Uerj Antifascismo&#8221;, foram retiradas. A universidade afirma que n\u00e3o havia mandado judicial para a remo\u00e7\u00e3o.<\/p>\n<p class=\" \">Em nota, a se\u00e7\u00e3o do Rio da Ordem dos Advogados do Brasil manifestou &#8220;rep\u00fadio&#8221; a &#8220;decis\u00f5es da Justi\u00e7a Eleitoral que tentam censurar a liberdade de express\u00e3o de estudantes e professores das faculdades de direito&#8221;. A entidade afirma ainda que &#8220;a manifesta\u00e7\u00e3o livre, n\u00e3o alinhada a candidatos e partidos, n\u00e3o pode ser confundida com propaganda eleitoral&#8221;.<\/p>\n<p class=\" \">Den\u00fancias de batidas policiais irregulares chegam de todo o pa\u00eds. J\u00e1 na manh\u00e3 da quinta-feira, policiais federais armados foram \u00e0 sede da\u00a0Associa\u00e7\u00e3o Docente da Universidade Federal de Campina Grande<a href=\"http:\/\/adufcg.org.br\/\" target=\"_blank\" rel=\"external noopener noreferrer\">\u00a0<\/a>(ADUFCG), na Para\u00edba, obedecendo a um mandado de busca e apreens\u00e3o, expedido pelo juiz eleitoral Hor\u00e1cio Ferreira de Melo Junior, para recolher o\u00a0<a href=\"https:\/\/www.correiobraziliense.com.br\/app\/noticia\/eu-estudante\/ensino_ensinosuperior\/2018\/10\/25\/ensino_ensinosuperior_interna,715007\/pf-apreende-manifesto-em-defesa-da-ufcg-e-da-democracia.shtml\" target=\"_blank\" rel=\"external noopener noreferrer\">\u201cManifesto em Defesa da Democracia e da Universidade P\u00fablica\u201d<\/a>, assinado pela entidade sindical e aprovado pela categoria em Assembleia. Eles tamb\u00e9m levaram o HD do computador da assessoria de imprensa da entidade.<\/p>\n<p class=\" \">A associa\u00e7\u00e3o nega qualquer a\u00e7\u00e3o em favor de algum dos candidatos \u00e0 Presid\u00eancia e diz que se tratava de um manifesto em defesa da democracia.<\/p>\n<p>&#8220;Esse manifesto tem esse teor, [e repercute] a defesa irrestrita do nosso sindicato, o\u00a0<a href=\"http:\/\/www.andes.org.br\/andes\/portal.andes\" target=\"_blank\" rel=\"external noopener noreferrer\">Andes<\/a>, da democracia, das liberdades democr\u00e1ticas, da defesa da universidade p\u00fablica, gratuita e de qualidade, laica, socialmente referenciada. N\u00e3o \u00e9 um material ou manifesto que faz men\u00e7\u00e3o \u00e0 defesa de uma candidatura ou de outra. \u00c9 claro que o teor pol\u00edtico do manifesto acaba se chocando com uma candidatura que vai de encontro a essa bandeira\u201d, afirmou o professor Tiago Neves.<\/p>\n<p>Em uma universidade p\u00fablica do Par\u00e1, quatro policiais militares entraram no campus em dois carros para questionar o professor M\u00e1rio Brasil, coordenador do curso de Ci\u00eancias Sociais, sobre sua ideologia, de acordo com um relato. Ap\u00f3s abordar o tema das &#8220;fake news&#8221; em uma aula da disciplina &#8220;M\u00eddias Digitais&#8221;, uma estudante teria se sentido ofendida, alegado &#8220;doutrina\u00e7\u00e3o marxista&#8221; e telefonado para seu pai, soldado da PM.<\/p>\n<p>\u00a0<\/p>\n<dl class=\"image-left captioned\" style=\"width: 490px;\">\n<dt><span class=\"tile-rights\">reprodu\u00e7\u00e3o<\/span> <img fetchpriority=\"high\" decoding=\"async\" class=\" lazyloaded\" title=\"elei\u00e7oes universidades\" src=\"https:\/\/www.redebrasilatual.com.br\/eleicoes-2018\/universidades-sao-alvo-de-operacoes-policiais-em-todo-o-pais\/mandado.jpg\/image\" alt=\"elei\u00e7oes universidades\" width=\"490\" height=\"657\" data-src=\"https:\/\/www.redebrasilatual.com.br\/eleicoes-2018\/universidades-sao-alvo-de-operacoes-policiais-em-todo-o-pais\/mandado.jpg\/image\" \/><\/dt>\n<dd class=\"image-caption\" style=\"width: 490px;\">Mandado expedido contra a Universidade Federal de S\u00e3o Jo\u00e3o del Rey, Minas Gerais, ordena a retirada de manifesto em favor da democracia do site da institui\u00e7\u00e3o. Fascismo associado diretamente \u00e0 candidatura Bolsonaro<\/dd>\n<\/dl>\n<p>\u00a0<\/p>\n<h3>DITADURA<\/h3>\n<p>Pablo Ortellado, professor do curso de Gest\u00e3o de Pol\u00edticas P\u00fablicas, da Universidade de S\u00e3o Paulo, <a class=\"external-link\" title=\"\" href=\"https:\/\/m.facebook.com\/story.php?story_fbid=2089324461133116&amp;id=100001667479188\" target=\"_blank\" rel=\"noopener noreferrer\">come\u00e7ou a reunir relatos<\/a> e, at\u00e9 a noite da quinta (25), j\u00e1 estavam na lista a UFGD, UEPA, UFCG, UFF, UEPB, UFMG, Unilab, SEPE-RJ, Unilab-Fortaleza, UNEB, UFU, UFG, UFRGS, UCP, UFSJ, UERJ, UFERSA, UFAM, UFFS, UFRJ, IFB, Unila, UniRio, Unifap, UEMG, UFAL, IFCE, UFPB.<\/p>\n<p>Para Eleonora Menicucci,\u00a0soci\u00f3loga\u00a0e professora titular de\u00a0sa\u00fade coletiva\u00a0da\u00a0Universidade Federal de S\u00e3o Paulo\u00a0(UNIFESP), a situa\u00e7\u00e3o \u00e9 de preocupa\u00e7\u00e3o e apreens\u00e3o, dado que esses ataques representam um duro golpe contra a autonomia universit\u00e1ria.<\/p>\n<p>\u201cA \u00fanica \u00e9poca em minha hist\u00f3ria de vida em que n\u00e3o tiveram, em que n\u00e3o tivemos, foi na \u00e9poca da ditadura civil-militar. Mesmo assim, custou-se para invadir as universidades e isso me preocupa enormemente. \u00c9 uma censura ao pensamento, \u00e9 uma censura ao conhecimento e ao saber\u201d, afirmou a soci\u00f3loga.<\/p>\n<p>Menicucci ressalta que pensamento, conhecimento e saber s\u00f3 s\u00e3o o que s\u00e3o se est\u00e3o dentro de uma pr\u00e1tica social:\u00a0\u201cE essa pr\u00e1tica social \u00e9 a manifesta\u00e7\u00e3o dos contr\u00e1rios. Os estudantes e professores e funcion\u00e1rios que s\u00e3o o trip\u00e9 que comp\u00f5e a universidade, tem que ter inteira liberdade de se manifestar\u201d.\u00a0<\/p>\n<p>A\u00a0Pont\u00edfica Universidade Cat\u00f3lica de S\u00e3o Paulo, PUC-SP, que teve seu campus invadido pelas for\u00e7as de repress\u00e3o em 1977, com a pris\u00e3o de diversos estudantes, e seu teatro incendiado,\u00a0se manifestou hoje para &#8220;repudiar toda manifesta\u00e7\u00e3o de \u00f3dio, intoler\u00e2ncia e constrangimento de qualquer ordem, contr\u00e1ria \u00e0 igualdade individual e coletiva, pol\u00edtica, econ\u00f4mica, social, racial e de g\u00eanero, do conjunto da popula\u00e7\u00e3o brasileira, conforme o que estabelece a Constitui\u00e7\u00e3o&#8221;.<\/p>\n<p>A nota afirma que &#8220;atualmente encontra-se em risco a defesa dos interesses do povo brasileiro, de seus trabalhadores, bem como dos mais fr\u00e1geis e vulner\u00e1veis, que constitui o alvo priorit\u00e1rio de nossas a\u00e7\u00f5es&#8221; e declararam se juntar &#8220;aos que conclamam por um amplo movimento de uni\u00e3o que permita um futuro com a garantia da justi\u00e7a social e a plenitude de acesso ao bem-estar pelo conjunto do povo brasileiro.&#8221;<\/p>\n<p>\u00a0<\/p>\n<p><strong>Fonte: Rede Brasil Atual<\/strong><\/p>\n","protected":false},"excerpt":{"rendered":"<p>Policiais e fiscais de tribunais eleitorais invadiram universidades e sindicatos de professores de todo o pa\u00eds, na noite desta quinta-feira (25). Algumas das a\u00e7\u00f5es foram comandadas pelos Tribunais Regionais Eleitorais sob pretexto de identificar e recolher materiais de campanha &#8220;irregulares&#8221;. Outras, por\u00e9m, foram desencadeadas por policiais sem nenhum mandado. Segundo relatos, os agentes entraram nos [&hellip;]<\/p>\n","protected":false},"author":2,"featured_media":5480,"comment_status":"","ping_status":"","sticky":false,"template":"","format":"standard","meta":{"footnotes":""},"categories":[3],"tags":[],"class_list":["post-5481","post","type-post","status-publish","format-standard","has-post-thumbnail","hentry","category-noticias"],"_links":{"self":[{"href":"https:\/\/hostnetart.com.br\/baixada\/wp-json\/wp\/v2\/posts\/5481","targetHints":{"allow":["GET"]}}],"collection":[{"href":"https:\/\/hostnetart.com.br\/baixada\/wp-json\/wp\/v2\/posts"}],"about":[{"href":"https:\/\/hostnetart.com.br\/baixada\/wp-json\/wp\/v2\/types\/post"}],"author":[{"embeddable":true,"href":"https:\/\/hostnetart.com.br\/baixada\/wp-json\/wp\/v2\/users\/2"}],"replies":[{"embeddable":true,"href":"https:\/\/hostnetart.com.br\/baixada\/wp-json\/wp\/v2\/comments?post=5481"}],"version-history":[{"count":0,"href":"https:\/\/hostnetart.com.br\/baixada\/wp-json\/wp\/v2\/posts\/5481\/revisions"}],"wp:featuredmedia":[{"embeddable":true,"href":"https:\/\/hostnetart.com.br\/baixada\/wp-json\/wp\/v2\/media\/5480"}],"wp:attachment":[{"href":"https:\/\/hostnetart.com.br\/baixada\/wp-json\/wp\/v2\/media?parent=5481"}],"wp:term":[{"taxonomy":"category","embeddable":true,"href":"https:\/\/hostnetart.com.br\/baixada\/wp-json\/wp\/v2\/categories?post=5481"},{"taxonomy":"post_tag","embeddable":true,"href":"https:\/\/hostnetart.com.br\/baixada\/wp-json\/wp\/v2\/tags?post=5481"}],"curies":[{"name":"wp","href":"https:\/\/api.w.org\/{rel}","templated":true}]}}