{"id":5479,"date":"2018-10-26T12:52:53","date_gmt":"2018-10-26T15:52:53","guid":{"rendered":"https:\/\/hostnetart.com.br\/baixada\/preco-do-gas-de-cozinha-ligado-ao-mercado-penaliza-os-pobres-diz-fup\/"},"modified":"2018-10-26T12:52:53","modified_gmt":"2018-10-26T15:52:53","slug":"preco-do-gas-de-cozinha-ligado-ao-mercado-penaliza-os-pobres-diz-fup","status":"publish","type":"post","link":"https:\/\/hostnetart.com.br\/baixada\/preco-do-gas-de-cozinha-ligado-ao-mercado-penaliza-os-pobres-diz-fup\/","title":{"rendered":"Pre\u00e7o do g\u00e1s de cozinha ligado ao mercado penaliza os pobres, diz FUP"},"content":{"rendered":"<p>Em outros tempos foi a vela, hoje \u00e9 o <strong>g\u00e1s de cozinha<\/strong> \u2013 e a sua falta \u2013 que est\u00e1 se tornando o novo s\u00edmbolo da pobreza brasileira. Segundo o levantamento semanal da Ag\u00eancia Nacional do Petr\u00f3leo, divulgado no \u00faltimo domingo (21), o menor pre\u00e7o m\u00e9dio para o consumidor entre os dias 14 e 20 de outubro foi de R$ 62,61, no Maranh\u00e3o, e o maior, R$ 83,84, no Tocantins.<\/p>\n<p>A causa do pre\u00e7o alto do g\u00e1s de cozinha j\u00e1 \u00e9 bem conhecida dos brasileiros. Come\u00e7ou em julho de 2017, quando o governo de Michel Temer alterou a pol\u00edtica de pre\u00e7os conduzida pela Petrobras. A partir de ent\u00e3o, os reajustes passaram a ser frequentes, sempre se equiparando ao pre\u00e7o do petr\u00f3leo no mercado internacional.<\/p>\n<p>Para enfrentar o problema, o candidato a <strong>Presidente<\/strong> da Rep\u00fablica Fernando <strong>Haddad<\/strong> (PT) tem dito que, se eleito, colocar\u00e1 um teto de R$ 49 para o pre\u00e7o do botij\u00e3o de g\u00e1s de cozinha. Ao contr\u00e1rio do oponente, Jair <strong>Bolsonaro<\/strong> (PSL), que prop\u00f5e manter a pol\u00edtica de pre\u00e7os criada por Temer, Haddad pretende reorientar a quest\u00e3o.<\/p>\n<p>A ideia \u00e9 n\u00e3o permitir que os derivados do petr\u00f3leo retirado e refinado no Brasil, com custo bem menor do que o praticado no mercado internacional, seja vendido aos consumidores brasileiros por um pre\u00e7o equivalente ao do exterior.<\/p>\n<p>&#8220;A pol\u00edtica de pre\u00e7o do Temer e que o Bolsonaro quer manter, \u00e9 um desastre para a sociedade, que paga uma conta alta para inflar os lucros da Petrobras e beneficiar os acionistas da empresa&#8221; , critica Jos\u00e9 Maria Rangel, coordenador da Federa\u00e7\u00e3o \u00danica dos Petroleiros (FUP). &#8221; A Petrobras deve ter pre\u00e7os competitivos e justos, tem que investir na produ\u00e7\u00e3o, na sua capacidade de refino e adequar com a demanda nacional, \u00e9 fazer um ajuste e o pre\u00e7o do GLP vai cair drasticamente.&#8221;<\/p>\n<p>Para Rangel, o valor de R$ 49 mencionado pelo candidato Fernando Haddad (PT) \u00e9 compat\u00edvel com a varia\u00e7\u00e3o do barril de petr\u00f3leo nos \u00faltimos anos.<\/p>\n<p>Haddad tem dito que a mudan\u00e7a da pol\u00edtica de pre\u00e7o da Petrobras visa garantir um valor est\u00e1vel e acess\u00edvel aos combust\u00edveis \u2014 mesmo entendimento a ser feito com o g\u00e1s de cozinha, um produto indispens\u00e1vel \u00e0s fam\u00edlias e, hoje, com elevado custo para os mais pobres.<\/p>\n<p>Dados da Pesquisa Nacional por Amostra de Domic\u00edlios (Pnad) Cont\u00ednua, do IBGE, revelaram em julho que, em 2017, o custo de um botij\u00e3o de g\u00e1s de cozinha (chamado de g\u00e1s liquefeito de petr\u00f3leo, ou GLP) por m\u00eas (tendo como referencial o pre\u00e7o do botij\u00e3o em junho deste ano), representou 59% do or\u00e7amento entre os 10% mais pobres no Maranh\u00e3o, 51,5% no Acre e 50,7% em Sergipe.<\/p>\n<p>Em sentido oposto, Bolsonaro diz, em seu plano de governo, que &#8220;os pre\u00e7os praticados pela Petrobras dever\u00e3o seguir os mercados internacionais&#8221; , e fala em criar mecanismos de prote\u00e7\u00e3o para suavizar as varia\u00e7\u00f5es de curto prazo e que, na pr\u00e1tica, pode ser a <a class=\"external-link\" title=\"\" href=\"https:\/\/www1.folha.uol.com.br\/mercado\/2018\/10\/equipe-de-bolsonaro-avalia-imposto-flexivel-para-combustivel.shtml\" target=\"_blank\" rel=\"noopener noreferrer\">cria\u00e7\u00e3o de mais um imposto<\/a>.<\/p>\n<p>Nesta quinta-feira (25), especula\u00e7\u00f5es na imprensa sinalizam com a possibilidade do deputado Jos\u00e9 Carlos Aleluia (DEM-BA) ser nomeado para o Minist\u00e9rio das Minas e Energia, e um militar comandar a Petrobras.<\/p>\n<p>&#8220;O Aleluia \u00e9 um entreguista de &#8216;carteirinha&#8217;, quer acabar com o modelo de partilha e voltar para o modelo de concess\u00e3o, usado somente em locais de explora\u00e7\u00e3o perigosa, o que n\u00e3o ocorre no pr\u00e9-sal. E os militares devem seguir fazendo o trabalho deles de vigil\u00e2ncia da fronteira, eles t\u00eam outro papel para o pa\u00eds&#8221; , ponderou o coordenador da FUP.<\/p>\n<p>\u00a0<\/p>\n<p><strong>Fonte: Rede Brasil Atual<\/strong><\/p>\n","protected":false},"excerpt":{"rendered":"<p>Em outros tempos foi a vela, hoje \u00e9 o g\u00e1s de cozinha \u2013 e a sua falta \u2013 que est\u00e1 se tornando o novo s\u00edmbolo da pobreza brasileira. Segundo o levantamento semanal da Ag\u00eancia Nacional do Petr\u00f3leo, divulgado no \u00faltimo domingo (21), o menor pre\u00e7o m\u00e9dio para o consumidor entre os dias 14 e 20 [&hellip;]<\/p>\n","protected":false},"author":2,"featured_media":5478,"comment_status":"","ping_status":"","sticky":false,"template":"","format":"standard","meta":{"footnotes":""},"categories":[3],"tags":[],"class_list":["post-5479","post","type-post","status-publish","format-standard","has-post-thumbnail","hentry","category-noticias"],"_links":{"self":[{"href":"https:\/\/hostnetart.com.br\/baixada\/wp-json\/wp\/v2\/posts\/5479","targetHints":{"allow":["GET"]}}],"collection":[{"href":"https:\/\/hostnetart.com.br\/baixada\/wp-json\/wp\/v2\/posts"}],"about":[{"href":"https:\/\/hostnetart.com.br\/baixada\/wp-json\/wp\/v2\/types\/post"}],"author":[{"embeddable":true,"href":"https:\/\/hostnetart.com.br\/baixada\/wp-json\/wp\/v2\/users\/2"}],"replies":[{"embeddable":true,"href":"https:\/\/hostnetart.com.br\/baixada\/wp-json\/wp\/v2\/comments?post=5479"}],"version-history":[{"count":0,"href":"https:\/\/hostnetart.com.br\/baixada\/wp-json\/wp\/v2\/posts\/5479\/revisions"}],"wp:featuredmedia":[{"embeddable":true,"href":"https:\/\/hostnetart.com.br\/baixada\/wp-json\/wp\/v2\/media\/5478"}],"wp:attachment":[{"href":"https:\/\/hostnetart.com.br\/baixada\/wp-json\/wp\/v2\/media?parent=5479"}],"wp:term":[{"taxonomy":"category","embeddable":true,"href":"https:\/\/hostnetart.com.br\/baixada\/wp-json\/wp\/v2\/categories?post=5479"},{"taxonomy":"post_tag","embeddable":true,"href":"https:\/\/hostnetart.com.br\/baixada\/wp-json\/wp\/v2\/tags?post=5479"}],"curies":[{"name":"wp","href":"https:\/\/api.w.org\/{rel}","templated":true}]}}